{"id":681,"date":"2013-05-27T10:16:00","date_gmt":"2013-05-27T10:16:00","guid":{"rendered":"http:\/\/www.siggibecker.de\/noj923yeah\/?p=681"},"modified":"2021-05-29T15:18:17","modified_gmt":"2021-05-29T15:18:17","slug":"video-vom-1-k-camp-der-kunstsammlung-nrw","status":"publish","type":"post","link":"https:\/\/www.siggibecker.de\/noj923yeah\/2013\/05\/27\/video-vom-1-k-camp-der-kunstsammlung-nrw\/","title":{"rendered":"Video vom 1.K-Camp der Kunstsammlung NRW"},"content":{"rendered":"\t\t<div data-elementor-type=\"wp-post\" data-elementor-id=\"681\" class=\"elementor elementor-681\" data-elementor-post-type=\"post\">\n\t\t\t\t\t\t<section class=\"elementor-section elementor-top-section elementor-element elementor-element-7a288b0e elementor-section-boxed elementor-section-height-default elementor-section-height-default\" data-id=\"7a288b0e\" data-element_type=\"section\" data-e-type=\"section\">\n\t\t\t\t\t\t<div class=\"elementor-container elementor-column-gap-default\">\n\t\t\t\t\t<div class=\"elementor-column elementor-col-100 elementor-top-column elementor-element elementor-element-6a5e0ed7\" data-id=\"6a5e0ed7\" data-element_type=\"column\" data-e-type=\"column\">\n\t\t\t<div class=\"elementor-widget-wrap elementor-element-populated\">\n\t\t\t\t\t\t<div class=\"elementor-element elementor-element-42bc9002 elementor-widget elementor-widget-text-editor\" data-id=\"42bc9002\" data-element_type=\"widget\" data-e-type=\"widget\" data-widget_type=\"text-editor.default\">\n\t\t\t\t<div class=\"elementor-widget-container\">\n\t\t\t\t\t\t\t\t\t<p>So, wie versprochen ist nun das Video der kompletten <a href=\"http:\/\/k-camp.de\/step-up\/\">Veranstaltung des 1.K-Camps<\/a> von der <a href=\"http:\/\/www.kunstsammlung.de\/\">Kunstsammlung NRW<\/a> ver\u00f6ffentlicht worden. Vielleicht erscheint es noch auf YouTube, dann k\u00f6nnte ich punktgenau auf 2 Stellen verlinken, die mir am Herzen liegen. Viel Spass beim Mosern, f\u00fcr alle die nicht da waren \ud83d\ude09<\/p><p><a href=\"http:\/\/vimeo.com\/66921191\">Das erste K-Camp der Kunstsammlung Nordrhein-Westfalen<\/a> from <a href=\"http:\/\/vimeo.com\/richtwert\">richtwert GmbH<\/a> on <a href=\"http:\/\/vimeo.com\">Vimeo<\/a>.<\/p>\t\t\t\t\t\t\t\t<\/div>\n\t\t\t\t<\/div>\n\t\t\t\t<div class=\"elementor-element elementor-element-d2090bf elementor-widget elementor-widget-html\" data-id=\"d2090bf\" data-element_type=\"widget\" data-e-type=\"widget\" data-widget_type=\"html.default\">\n\t\t\t\t<div class=\"elementor-widget-container\">\n\t\t\t\t\t<iframe src=\"https:\/\/player.vimeo.com\/video\/66921191\" width=\"640\" height=\"360\" frameborder=\"0\" allow=\"autoplay; fullscreen; picture-in-picture\" allowfullscreen><\/iframe>\r\n<p><a href=\"https:\/\/vimeo.com\/66921191\">Das erste K-Camp der Kunstsammlung Nordrhein-Westfalen<\/a> from <a href=\"https:\/\/vimeo.com\/richtwert\">richtwert GmbH<\/a> on <a href=\"https:\/\/vimeo.com\">Vimeo<\/a>.<\/p>\t\t\t\t<\/div>\n\t\t\t\t<\/div>\n\t\t\t\t\t<\/div>\n\t\t<\/div>\n\t\t\t\t\t<\/div>\n\t\t<\/section>\n\t\t\t\t<\/div>\n\t\t","protected":false},"excerpt":{"rendered":"<p>So, wie versprochen ist nun das Video der kompletten Veranstaltung des 1.K-Camps von der Kunstsammlung NRW ver\u00f6ffentlicht worden. Vielleicht erscheint es noch auf YouTube, dann k\u00f6nnte ich punktgenau auf 2 Stellen verlinken, die mir am Herzen liegen. Viel Spass beim Mosern, f\u00fcr alle die nicht da waren \ud83d\ude09 Das erste K-Camp der Kunstsammlung Nordrhein-Westfalen from &#8230; <a title=\"Video vom 1.K-Camp der Kunstsammlung NRW\" class=\"read-more\" href=\"https:\/\/www.siggibecker.de\/noj923yeah\/2013\/05\/27\/video-vom-1-k-camp-der-kunstsammlung-nrw\/\" aria-label=\"Mehr zu Video vom 1.K-Camp der Kunstsammlung NRW\">Weiterlesen &#8230;<\/a><\/p>\n","protected":false},"author":1,"featured_media":814,"comment_status":"closed","ping_status":"open","sticky":false,"template":"","format":"standard","meta":{"generate_page_header":"","footnotes":"","_wp_rev_ctl_limit":""},"categories":[1],"tags":[49,38,43,5],"class_list":["post-681","post","type-post","status-publish","format-standard","has-post-thumbnail","hentry","category-allgemein","tag-a","tag-szenarien","tag-vortrag","tag-zukunft"],"_links":{"self":[{"href":"https:\/\/www.siggibecker.de\/noj923yeah\/wp-json\/wp\/v2\/posts\/681","targetHints":{"allow":["GET"]}}],"collection":[{"href":"https:\/\/www.siggibecker.de\/noj923yeah\/wp-json\/wp\/v2\/posts"}],"about":[{"href":"https:\/\/www.siggibecker.de\/noj923yeah\/wp-json\/wp\/v2\/types\/post"}],"author":[{"embeddable":true,"href":"https:\/\/www.siggibecker.de\/noj923yeah\/wp-json\/wp\/v2\/users\/1"}],"replies":[{"embeddable":true,"href":"https:\/\/www.siggibecker.de\/noj923yeah\/wp-json\/wp\/v2\/comments?post=681"}],"version-history":[{"count":10,"href":"https:\/\/www.siggibecker.de\/noj923yeah\/wp-json\/wp\/v2\/posts\/681\/revisions"}],"predecessor-version":[{"id":2383,"href":"https:\/\/www.siggibecker.de\/noj923yeah\/wp-json\/wp\/v2\/posts\/681\/revisions\/2383"}],"wp:featuredmedia":[{"embeddable":true,"href":"https:\/\/www.siggibecker.de\/noj923yeah\/wp-json\/wp\/v2\/media\/814"}],"wp:attachment":[{"href":"https:\/\/www.siggibecker.de\/noj923yeah\/wp-json\/wp\/v2\/media?parent=681"}],"wp:term":[{"taxonomy":"category","embeddable":true,"href":"https:\/\/www.siggibecker.de\/noj923yeah\/wp-json\/wp\/v2\/categories?post=681"},{"taxonomy":"post_tag","embeddable":true,"href":"https:\/\/www.siggibecker.de\/noj923yeah\/wp-json\/wp\/v2\/tags?post=681"}],"curies":[{"name":"wp","href":"https:\/\/api.w.org\/{rel}","templated":true}]}}