{"id":485,"date":"2013-01-27T11:43:37","date_gmt":"2013-01-27T11:43:37","guid":{"rendered":"http:\/\/www.siggibecker.de\/noj923yeah\/?p=485"},"modified":"2014-02-10T16:07:57","modified_gmt":"2014-02-10T16:07:57","slug":"die-grenzen-garagelab-24-1-2013","status":"publish","type":"post","link":"https:\/\/www.siggibecker.de\/noj923yeah\/2013\/01\/27\/die-grenzen-garagelab-24-1-2013\/","title":{"rendered":"Die Grenzen &#8211; GarageLab 24.1.2013"},"content":{"rendered":"<p>So, jetzt hab ich aus den Fugen der Zeit und meines Zooms einen Audio-Mitschnitt rausgefummelt und mit einiger Distanz als ertr\u00e4glich autorisiert. Ein eventuelles Video gestaltet sich etwas kaprizi\u00f6s, weil der Veranstalter mit einem iPad mitgeschnitten hat. Keine Ahnung was f\u00fcr eine Qualit\u00e4t dabei rumkommt. Selbst ist der Siggi: Hier also Folien und Audiomitschnitt. Eine Linksammlung ist in Arbeit. F\u00fcr Gehirn- und Weltbildsch\u00e4den \u00fcbernehme ich die Verantwortung.<\/p>\n<p><iframe src=\"http:\/\/de.slideshare.net\/slideshow\/embed_code\/16180771\" width=\"427\" height=\"356\" frameborder=\"0\" marginwidth=\"0\" marginheight=\"0\" scrolling=\"no\" style=\"border:1px solid #CCC;border-width:1px 1px 0;margin-bottom:5px\" allowfullscreen=\"\" webkitallowfullscreen=\"\" mozallowfullscreen=\"\"> <\/iframe>\n<\/p>\n<div style=\"margin-bottom:5px\"> <strong> <a href=\"http:\/\/de.slideshare.net\/SiggiB\/die-grenzen\" title=\"Die Grenzen\" target=\"_blank\">Die Grenzen<\/a> <\/strong> from <strong><a href=\"http:\/\/de.slideshare.net\/SiggiB\" target=\"_blank\">Siggi Becker<\/a><\/strong> <\/div>\n<\/p>\n<p><center>[audio: http:\/\/www.siggibecker.de\/audio\/GarageLab-24-1-2013.mp3]<\/center><\/p>\n<p><strong>Ein wichtiger Nachtrag!<\/strong><\/p>\n<p>Eigentlich wollte ich folgendes Zitat im Vortrag unterbringen, aber wie so immer: man nimmt sich zu viel vor oder die Gunst des Flows fliesst sonstwohin. Nun also:<\/p>\n<blockquote>\n<p>&#8222;Jedes ernstgemeinte  Studium ist eine Orgie, ein Bacchanal der Informationszufuhr. Von dem man nachher den gr\u00f6\u00dften Teil wieder vergisst, wie bei jedem Exzess. Auf das, was h\u00e4ngenbleibt, kommt es an &#8211; aber man wei\u00df ja vorher nie, was das sein wird.&#8220;<\/p>\n<p>Walter Moers, Das Labyrinth der Tr\u00e4umenden B\u00fccher, M\u00fcnchen, 2011, S.296<\/p>\n<\/blockquote>\n<p>(Danke Lydia [Mitdenkerin])<\/p>\n<p><strong>Nachtrag 2 zum Video<\/strong><br \/>\nSieht brauchbar aus. Obwohl mit einem iPad aufgenommen, ist die Qualit\u00e4t akzeptabel und ich agiere auch nicht so rum, das in mir der Wunsch auftaucht meine Postadresse nach Brasilien zu verlegen. Also: Video folgt!<\/p>\n","protected":false},"excerpt":{"rendered":"<p>So, jetzt hab ich aus den Fugen der Zeit und meines Zooms einen Audio-Mitschnitt rausgefummelt und mit einiger Distanz als ertr\u00e4glich autorisiert. Ein eventuelles Video gestaltet sich etwas kaprizi\u00f6s, weil der Veranstalter mit einem iPad mitgeschnitten hat. Keine Ahnung was f\u00fcr eine Qualit\u00e4t dabei rumkommt. Selbst ist der Siggi: Hier also Folien und Audiomitschnitt. Eine &#8230; <a title=\"Die Grenzen &#8211; GarageLab 24.1.2013\" class=\"read-more\" href=\"https:\/\/www.siggibecker.de\/noj923yeah\/2013\/01\/27\/die-grenzen-garagelab-24-1-2013\/\" aria-label=\"Mehr zu Die Grenzen &#8211; GarageLab 24.1.2013\">Weiterlesen &#8230;<\/a><\/p>\n","protected":false},"author":1,"featured_media":787,"comment_status":"closed","ping_status":"open","sticky":false,"template":"","format":"standard","meta":{"generate_page_header":"","footnotes":"","_wp_rev_ctl_limit":""},"categories":[1],"tags":[49,136,96,79,138,139,137,95,38,5],"class_list":["post-485","post","type-post","status-publish","format-standard","has-post-thumbnail","hentry","category-allgemein","tag-a","tag-barrow","tag-barrow-scale","tag-beschleunigung","tag-clement-vidal","tag-evodevo","tag-john-smart","tag-kardashev","tag-szenarien","tag-zukunft"],"_links":{"self":[{"href":"https:\/\/www.siggibecker.de\/noj923yeah\/wp-json\/wp\/v2\/posts\/485","targetHints":{"allow":["GET"]}}],"collection":[{"href":"https:\/\/www.siggibecker.de\/noj923yeah\/wp-json\/wp\/v2\/posts"}],"about":[{"href":"https:\/\/www.siggibecker.de\/noj923yeah\/wp-json\/wp\/v2\/types\/post"}],"author":[{"embeddable":true,"href":"https:\/\/www.siggibecker.de\/noj923yeah\/wp-json\/wp\/v2\/users\/1"}],"replies":[{"embeddable":true,"href":"https:\/\/www.siggibecker.de\/noj923yeah\/wp-json\/wp\/v2\/comments?post=485"}],"version-history":[{"count":19,"href":"https:\/\/www.siggibecker.de\/noj923yeah\/wp-json\/wp\/v2\/posts\/485\/revisions"}],"predecessor-version":[{"id":667,"href":"https:\/\/www.siggibecker.de\/noj923yeah\/wp-json\/wp\/v2\/posts\/485\/revisions\/667"}],"wp:featuredmedia":[{"embeddable":true,"href":"https:\/\/www.siggibecker.de\/noj923yeah\/wp-json\/wp\/v2\/media\/787"}],"wp:attachment":[{"href":"https:\/\/www.siggibecker.de\/noj923yeah\/wp-json\/wp\/v2\/media?parent=485"}],"wp:term":[{"taxonomy":"category","embeddable":true,"href":"https:\/\/www.siggibecker.de\/noj923yeah\/wp-json\/wp\/v2\/categories?post=485"},{"taxonomy":"post_tag","embeddable":true,"href":"https:\/\/www.siggibecker.de\/noj923yeah\/wp-json\/wp\/v2\/tags?post=485"}],"curies":[{"name":"wp","href":"https:\/\/api.w.org\/{rel}","templated":true}]}}