{"id":404,"date":"2012-11-21T14:25:50","date_gmt":"2012-11-21T14:25:50","guid":{"rendered":"http:\/\/www.siggibecker.de\/noj923yeah\/?p=404"},"modified":"2012-11-21T14:25:50","modified_gmt":"2012-11-21T14:25:50","slug":"1000jahrige-parallelen","status":"publish","type":"post","link":"https:\/\/www.siggibecker.de\/noj923yeah\/2012\/11\/21\/1000jahrige-parallelen\/","title":{"rendered":"1000j\u00e4hrige Parallelen"},"content":{"rendered":"<blockquote><p>Vor Guido von Arezzo wurden f\u00fcr die musikalische Notation Zeichen (Neumen) benutzt, die keinen Aufschluss \u00fcber die genaue L\u00e4nge oder H\u00f6he des Tons zulie\u00dfen. Die eigentliche Melodie wurde m\u00fcndlich tradiert. Guidos Neuerung soll in der Abtei Pomposa jedoch auf Widerstand gesto\u00dfen sein, <em>da die M\u00f6nche um die Exklusivit\u00e4t ihres musikalischen Wissens gef\u00fcrchtet haben sollen.<\/em><\/p><\/blockquote>\n<p>Quelle: <a href=\"http:\/\/de.wikipedia.org\/wiki\/Guido_von_Arezzo\">Guido von Arezzo<\/a><\/p>\n","protected":false},"excerpt":{"rendered":"<p>Vor Guido von Arezzo wurden f\u00fcr die musikalische Notation Zeichen (Neumen) benutzt, die keinen Aufschluss \u00fcber die genaue L\u00e4nge oder H\u00f6he des Tons zulie\u00dfen. Die eigentliche Melodie wurde m\u00fcndlich tradiert. Guidos Neuerung soll in der Abtei Pomposa jedoch auf Widerstand gesto\u00dfen sein, da die M\u00f6nche um die Exklusivit\u00e4t ihres musikalischen Wissens gef\u00fcrchtet haben sollen. Quelle: &#8230; <a title=\"1000j\u00e4hrige Parallelen\" class=\"read-more\" href=\"https:\/\/www.siggibecker.de\/noj923yeah\/2012\/11\/21\/1000jahrige-parallelen\/\" aria-label=\"Mehr zu 1000j\u00e4hrige Parallelen\">Weiterlesen &#8230;<\/a><\/p>\n","protected":false},"author":1,"featured_media":0,"comment_status":"closed","ping_status":"open","sticky":false,"template":"","format":"standard","meta":{"generate_page_header":"","footnotes":"","_wp_rev_ctl_limit":""},"categories":[1],"tags":[130,5],"class_list":["post-404","post","type-post","status-publish","format-standard","hentry","category-allgemein","tag-vergangenheit","tag-zukunft"],"_links":{"self":[{"href":"https:\/\/www.siggibecker.de\/noj923yeah\/wp-json\/wp\/v2\/posts\/404","targetHints":{"allow":["GET"]}}],"collection":[{"href":"https:\/\/www.siggibecker.de\/noj923yeah\/wp-json\/wp\/v2\/posts"}],"about":[{"href":"https:\/\/www.siggibecker.de\/noj923yeah\/wp-json\/wp\/v2\/types\/post"}],"author":[{"embeddable":true,"href":"https:\/\/www.siggibecker.de\/noj923yeah\/wp-json\/wp\/v2\/users\/1"}],"replies":[{"embeddable":true,"href":"https:\/\/www.siggibecker.de\/noj923yeah\/wp-json\/wp\/v2\/comments?post=404"}],"version-history":[{"count":1,"href":"https:\/\/www.siggibecker.de\/noj923yeah\/wp-json\/wp\/v2\/posts\/404\/revisions"}],"predecessor-version":[{"id":405,"href":"https:\/\/www.siggibecker.de\/noj923yeah\/wp-json\/wp\/v2\/posts\/404\/revisions\/405"}],"wp:attachment":[{"href":"https:\/\/www.siggibecker.de\/noj923yeah\/wp-json\/wp\/v2\/media?parent=404"}],"wp:term":[{"taxonomy":"category","embeddable":true,"href":"https:\/\/www.siggibecker.de\/noj923yeah\/wp-json\/wp\/v2\/categories?post=404"},{"taxonomy":"post_tag","embeddable":true,"href":"https:\/\/www.siggibecker.de\/noj923yeah\/wp-json\/wp\/v2\/tags?post=404"}],"curies":[{"name":"wp","href":"https:\/\/api.w.org\/{rel}","templated":true}]}}