{"id":343,"date":"2012-09-26T10:47:10","date_gmt":"2012-09-26T10:47:10","guid":{"rendered":"http:\/\/www.siggibecker.de\/noj923yeah\/?p=343"},"modified":"2012-09-26T12:39:08","modified_gmt":"2012-09-26T12:39:08","slug":"tesla-und-die-elektrischen-fahrrader","status":"publish","type":"post","link":"https:\/\/www.siggibecker.de\/noj923yeah\/2012\/09\/26\/tesla-und-die-elektrischen-fahrrader\/","title":{"rendered":"Tesla und die elektrischen Fahrr\u00e4der"},"content":{"rendered":"<p>Das ist alles ganz schrecklich. L\u00f6st eine verzweifelte Gef\u00fchlslage in mir aus. Mental hab ich die K\u00fcndigung durch. Ich beobachte die Nachrichtenlage zu dem Ereignis bei Tesla gestern und sehe? Nicht viel. iPhone, Spitzer und Vorhautbeschneidungen sind immer noch die Renner, gerade im deutschsprachigen Raum. So f\u00fchlt sich das an, wenn Zukunft gestern war, und alle Profis mit ihrer smarten Excel-Grundhaltung aus dem BWL-Seminar den Monstertrain nicht haben kommen sehen, der sie \u00fcberrollt. Live und in Farbe. Wenigstens jetzt &#8211; ca 20h danach &#8211; k\u00f6nnte man linken, zeigen, teilen. Stattdessen? N\u00fcscht. Kritteln im <a href=\"http:\/\/www.handelsblatt.com\/unternehmen\/industrie\/tesla-model-s-daimlers-elektroauto-partner-erleidet-rueckschlag\/7180380.html\">Handelsblatt \u00fcber die mittelfristigen Umsatzprognosen<\/a> von Tesla. <\/p>\n<p>In Deutschland ist das hier wichtig: <a href=\"http:\/\/www.ich-ersetze-ein-auto.de\/\">Elektror\u00e4der auf denen Bossanzugstr\u00e4ger PR-optimiert rumhampeln<\/a>.<\/p>\n<p>In Kalifornien war gestern das wichtig: <a href=\"https:\/\/www.youtube.com\/watch?v=wgk5-eB9oTY&#038;feature=player_detailpage#t=491s\">Ein t-shirtr\u00e4ger der rumstottert<\/a>.<\/p>\n<p>Ich hab voriges Jahr auf dem <a href=\"http:\/\/youtu.be\/NJRc-i7dNqg\">MMT27 einen Vortrag \u00fcber die sogenannte PayPal-Mafia<\/a> gehalten. Ich vermute das war ein R\u00e4tsel f\u00fcr die teutsche Mentalit\u00e4t und ihren Umgang mit Visionen und technologischen Utopien. F\u00fcr mich wird immer klarer, das der Umgang mit diesen Utopien auch mit der eigenen F\u00e4higkeit zu tun hat, mit extremen Zuk\u00fcnften, gar kosmologischen Horizonten umzugehen. Nur mit derartigen riesigen Rahmen ist man in Lage quasi aus der Zukunft die Gegenwart zu beurteilen. Aus der Vergangenheit die Zukunft beurteilen zu wollen &#8211; Trenddenken, forecasting &#8211; ist unter den heutigen Bedingungen hoffnungslos im Hintertreffen. <\/p>\n<p>Ich finde immer noch die Bemerkung einer Medienmanagementstudentin zu meinem letzten Vortrag an der MDH programmatisch f\u00fcr die momentane Situation in allen Belangen der Zukunft: &#8222;Ich find das ja interessant, aber wenig praxisorientiert!&#8220;<\/p>\n<p>Ich habe Schmerzen, gro\u00dfe Schmerzen. Wirklich.<\/p>\n","protected":false},"excerpt":{"rendered":"<p>Das ist alles ganz schrecklich. L\u00f6st eine verzweifelte Gef\u00fchlslage in mir aus. Mental hab ich die K\u00fcndigung durch. Ich beobachte die Nachrichtenlage zu dem Ereignis bei Tesla gestern und sehe? Nicht viel. iPhone, Spitzer und Vorhautbeschneidungen sind immer noch die Renner, gerade im deutschsprachigen Raum. So f\u00fchlt sich das an, wenn Zukunft gestern war, und &#8230; <a title=\"Tesla und die elektrischen Fahrr\u00e4der\" class=\"read-more\" href=\"https:\/\/www.siggibecker.de\/noj923yeah\/2012\/09\/26\/tesla-und-die-elektrischen-fahrrader\/\" aria-label=\"Mehr zu Tesla und die elektrischen Fahrr\u00e4der\">Weiterlesen &#8230;<\/a><\/p>\n","protected":false},"author":1,"featured_media":0,"comment_status":"closed","ping_status":"open","sticky":false,"template":"","format":"standard","meta":{"generate_page_header":"","footnotes":"","_wp_rev_ctl_limit":""},"categories":[1],"tags":[49,79,38,5],"class_list":["post-343","post","type-post","status-publish","format-standard","hentry","category-allgemein","tag-a","tag-beschleunigung","tag-szenarien","tag-zukunft"],"_links":{"self":[{"href":"https:\/\/www.siggibecker.de\/noj923yeah\/wp-json\/wp\/v2\/posts\/343","targetHints":{"allow":["GET"]}}],"collection":[{"href":"https:\/\/www.siggibecker.de\/noj923yeah\/wp-json\/wp\/v2\/posts"}],"about":[{"href":"https:\/\/www.siggibecker.de\/noj923yeah\/wp-json\/wp\/v2\/types\/post"}],"author":[{"embeddable":true,"href":"https:\/\/www.siggibecker.de\/noj923yeah\/wp-json\/wp\/v2\/users\/1"}],"replies":[{"embeddable":true,"href":"https:\/\/www.siggibecker.de\/noj923yeah\/wp-json\/wp\/v2\/comments?post=343"}],"version-history":[{"count":7,"href":"https:\/\/www.siggibecker.de\/noj923yeah\/wp-json\/wp\/v2\/posts\/343\/revisions"}],"predecessor-version":[{"id":350,"href":"https:\/\/www.siggibecker.de\/noj923yeah\/wp-json\/wp\/v2\/posts\/343\/revisions\/350"}],"wp:attachment":[{"href":"https:\/\/www.siggibecker.de\/noj923yeah\/wp-json\/wp\/v2\/media?parent=343"}],"wp:term":[{"taxonomy":"category","embeddable":true,"href":"https:\/\/www.siggibecker.de\/noj923yeah\/wp-json\/wp\/v2\/categories?post=343"},{"taxonomy":"post_tag","embeddable":true,"href":"https:\/\/www.siggibecker.de\/noj923yeah\/wp-json\/wp\/v2\/tags?post=343"}],"curies":[{"name":"wp","href":"https:\/\/api.w.org\/{rel}","templated":true}]}}