{"id":29,"date":"2011-10-17T13:58:22","date_gmt":"2011-10-17T13:58:22","guid":{"rendered":"http:\/\/www.siggibecker.de\/noj923yeah\/2011\/10\/17\/stefan-schulz-zu-occupy-in-der-faz\/"},"modified":"2011-10-17T19:20:06","modified_gmt":"2011-10-17T19:20:06","slug":"stefan-schulz-zu-occupy-in-der-faz","status":"publish","type":"post","link":"https:\/\/www.siggibecker.de\/noj923yeah\/2011\/10\/17\/stefan-schulz-zu-occupy-in-der-faz\/","title":{"rendered":"Stefan Schulz zu Occupy in der FAZ"},"content":{"rendered":"<p>&#8222;Der Hashtag, der in den &#8222;sozialen Netzwerken&#8220; des Internets benutzt wird, um Kommentare und Meldungen einem Thema zuzuordnen, ist ein wirkm\u00e4chtiges Mittel der Koordination von Kommunikation geworden, das eine andere, bislang zentrale Logik schw\u00e4cht: die Autorit\u00e4t der Autoren. Inhaltlich diskutiert &#8211; oder besser: stetig weiter assoziiert &#8211; wird dort, wo der entsprechende Hashtag auftaucht, und nicht mehr nur dort, wo die Medienstars Ton und Takt vorgeben. Die Prinzipien der Schweigespirale verlieren ihre Wirkung.&#8220;<\/p>\n<p>http:\/\/www.faz.net\/frankfurter-allgemeine-zeitung\/occupy-bewegung-dann-machen-es-die-buerger-eben-selbst-11495620.html<\/p>\n<p>Zustimmung. Die kanonischen Texte und Textproduzenten verlieren Boden. Vielleicht wird Bildung, auch Meinungsbildung die einem Protest voraus geht, gehen muss, wieder zu einem Verb: Meinung bilden. Einzig unter dem Dach eines Hashtags zusammengefasst und t\u00e4glich, st\u00fcndlich als Prozess beobachtbar. Das greift in den Stil des Schreiben und Sagens ein: Rhythmus, Schweigen, Sprechen, Parasprache. Die Medienbr\u00fcche gesellschaftlicher Diskurse verlieren ihre Macht. Buchdeckel sind Kontextgrenzen autorit\u00e4rer Autoren.<\/p>\n","protected":false},"excerpt":{"rendered":"<p>&#8222;Der Hashtag, der in den &#8222;sozialen Netzwerken&#8220; des Internets benutzt wird, um Kommentare und Meldungen einem Thema zuzuordnen, ist ein wirkm\u00e4chtiges Mittel der Koordination von Kommunikation geworden, das eine andere, bislang zentrale Logik schw\u00e4cht: die Autorit\u00e4t der Autoren. Inhaltlich diskutiert &#8211; oder besser: stetig weiter assoziiert &#8211; wird dort, wo der entsprechende Hashtag auftaucht, und &#8230; <a title=\"Stefan Schulz zu Occupy in der FAZ\" class=\"read-more\" href=\"https:\/\/www.siggibecker.de\/noj923yeah\/2011\/10\/17\/stefan-schulz-zu-occupy-in-der-faz\/\" aria-label=\"Mehr zu Stefan Schulz zu Occupy in der FAZ\">Weiterlesen &#8230;<\/a><\/p>\n","protected":false},"author":1,"featured_media":0,"comment_status":"closed","ping_status":"open","sticky":false,"template":"","format":"standard","meta":{"generate_page_header":"","footnotes":"","_wp_rev_ctl_limit":""},"categories":[4],"tags":[13,9,14],"class_list":["post-29","post","type-post","status-publish","format-standard","hentry","category-post","tag-der-autor","tag-occupy","tag-performat"],"_links":{"self":[{"href":"https:\/\/www.siggibecker.de\/noj923yeah\/wp-json\/wp\/v2\/posts\/29","targetHints":{"allow":["GET"]}}],"collection":[{"href":"https:\/\/www.siggibecker.de\/noj923yeah\/wp-json\/wp\/v2\/posts"}],"about":[{"href":"https:\/\/www.siggibecker.de\/noj923yeah\/wp-json\/wp\/v2\/types\/post"}],"author":[{"embeddable":true,"href":"https:\/\/www.siggibecker.de\/noj923yeah\/wp-json\/wp\/v2\/users\/1"}],"replies":[{"embeddable":true,"href":"https:\/\/www.siggibecker.de\/noj923yeah\/wp-json\/wp\/v2\/comments?post=29"}],"version-history":[{"count":3,"href":"https:\/\/www.siggibecker.de\/noj923yeah\/wp-json\/wp\/v2\/posts\/29\/revisions"}],"predecessor-version":[{"id":32,"href":"https:\/\/www.siggibecker.de\/noj923yeah\/wp-json\/wp\/v2\/posts\/29\/revisions\/32"}],"wp:attachment":[{"href":"https:\/\/www.siggibecker.de\/noj923yeah\/wp-json\/wp\/v2\/media?parent=29"}],"wp:term":[{"taxonomy":"category","embeddable":true,"href":"https:\/\/www.siggibecker.de\/noj923yeah\/wp-json\/wp\/v2\/categories?post=29"},{"taxonomy":"post_tag","embeddable":true,"href":"https:\/\/www.siggibecker.de\/noj923yeah\/wp-json\/wp\/v2\/tags?post=29"}],"curies":[{"name":"wp","href":"https:\/\/api.w.org\/{rel}","templated":true}]}}