{"id":2895,"date":"2025-11-19T09:49:48","date_gmt":"2025-11-19T09:49:48","guid":{"rendered":"https:\/\/www.siggibecker.de\/noj923yeah\/?p=2895"},"modified":"2025-11-19T09:57:55","modified_gmt":"2025-11-19T09:57:55","slug":"differenzen-stueckeln-wavetank-2-9-2010","status":"publish","type":"post","link":"https:\/\/www.siggibecker.de\/noj923yeah\/2025\/11\/19\/differenzen-stueckeln-wavetank-2-9-2010\/","title":{"rendered":"Differenzen st\u00fcckeln &#8211; Wavetank &#8211; 2.9.2010"},"content":{"rendered":"\t\t<div data-elementor-type=\"wp-post\" data-elementor-id=\"2895\" class=\"elementor elementor-2895\" data-elementor-post-type=\"post\">\n\t\t\t\t<div class=\"elementor-element elementor-element-1c27a73 e-flex e-con-boxed e-con e-parent\" data-id=\"1c27a73\" data-element_type=\"container\" data-e-type=\"container\">\n\t\t\t\t\t<div class=\"e-con-inner\">\n\t\t\t\t<div class=\"elementor-element elementor-element-fb26056 elementor-widget elementor-widget-image\" data-id=\"fb26056\" data-element_type=\"widget\" data-e-type=\"widget\" data-widget_type=\"image.default\">\n\t\t\t\t<div class=\"elementor-widget-container\">\n\t\t\t\t\t\t\t\t\t\t\t\t\t\t\t<img decoding=\"async\" width=\"571\" height=\"76\" src=\"https:\/\/www.siggibecker.de\/noj923yeah\/files\/2016\/09\/1500x200-5gg5bnznjdgzuzid-1024x137.jpg\" class=\"attachment-large size-large wp-image-2014\" alt=\"\" srcset=\"https:\/\/www.siggibecker.de\/noj923yeah\/files\/2016\/09\/1500x200-5gg5bnznjdgzuzid-1024x137.jpg 1024w, https:\/\/www.siggibecker.de\/noj923yeah\/files\/2016\/09\/1500x200-5gg5bnznjdgzuzid-300x40.jpg 300w, https:\/\/www.siggibecker.de\/noj923yeah\/files\/2016\/09\/1500x200-5gg5bnznjdgzuzid-768x102.jpg 768w, https:\/\/www.siggibecker.de\/noj923yeah\/files\/2016\/09\/1500x200-5gg5bnznjdgzuzid.jpg 1500w\" sizes=\"(max-width: 571px) 100vw, 571px\" \/>\t\t\t\t\t\t\t\t\t\t\t\t\t\t\t<\/div>\n\t\t\t\t<\/div>\n\t\t\t\t\t<\/div>\n\t\t\t\t<\/div>\n\t\t<div class=\"elementor-element elementor-element-61ecd683 e-flex e-con-boxed e-con e-parent\" data-id=\"61ecd683\" data-element_type=\"container\" data-e-type=\"container\">\n\t\t\t\t\t<div class=\"e-con-inner\">\n\t\t\t\t<div class=\"elementor-element elementor-element-188d9c9d elementor-widget elementor-widget-text-editor\" data-id=\"188d9c9d\" data-element_type=\"widget\" data-e-type=\"widget\" data-widget_type=\"text-editor.default\">\n\t\t\t\t<div class=\"elementor-widget-container\">\n\t\t\t\t\t\t\t\t\t\n<p>Fundst\u00fcck aus meiner Vergangenheit: Vor knapp 15 Jahren bef\u00fcllte ich gemeinsam mit Tim Bruysten und Jay Martin einen Blog, der unsere videofizierten Gespr\u00e4che (heute w\u00fcrde man sagen Video-Podcast) begleitete. Aus mir unerfindlichen Gr\u00fcnden ist das alles irgendwann gel\u00f6scht worden. Naja, own your content, sag ich nur. Wer nicht h\u00f6ren will, wird dessen verlustig. Die Texte hab ich noch, die Videos leider nicht.<\/p>\n\n<p>Heute morgen nun schlug mir die AI in Heptabase nun folgenden Text als relevant zu einer Notiz \u00fcber Peripherie und Zentrum vor:<\/p>\n\n<p>Mich d\u00fcnkt einer der F\u00e4den der hiesigen Gespr\u00e4che \u2013 deren Farbe dahingestellt sei \u2013 zwirbelt sich m\u00e4andernd um die Reduktion von Komplexit\u00e4t in dem Schlamassel, den wir vorl\u00e4ufig aufgehendes 21. Jahrhundert nennen. Instinktiv versuchen wir dabei nicht in Fundamentalismus oder die Apologie \u00fcberkommener Subsysteme zu verfallen. Aber wie will man den Leap ins Neue schaffen, wenn selbst das entwickeltste Begriffssystem dem verpflichtet ist, was \u2013 wie ich vermute \u2013 in unserer Zeit insgesamt zur Verhandlung ansteht? Wo entsteht die rettende Paradoxie?<\/p>\n\n<p>Insofern sind die Gespr\u00e4che der\u00a0<a href=\"http:\/\/vimeo.com\/channels\/aesthetic\">\u00e4sthetischen Gesellschaft<\/a>\u00a0auch nur ein weiteres Symptom einer Gesellschaft, der ihr Kontingenzhorizont gerade um die Ohren fliegt. Weitere, weit \u00e4rgerlichere Symptome: Schirrmacher, Gaschke, Journalismusdiskussionen, l\u00f6schen statt sperren, Geld verdienen mit XYZ, Internetausdrucken, AAL, \u2026beliebig erweiterbar.<\/p>\n\n<p>Ich vermute nun das alles sind Symptome einer tieferliegenderen Krise. Keine \u00f6konomische, \u00f6kologische oder lolologische sondern eine der Kommunikation. Wenn nach Luhmann Kommunikation die einzige soziale Operation ist, die Gesellschaft produziert und reproduziert, dann sind nat\u00fcrlich technologische Entwicklungen, die diese Basis beschleunigt unter unseren F\u00fcssen umbauen ohne zu \u00fcberpr\u00fcfen ob wir sicher stehen, Garant f\u00fcr noch mehr Kontingenz. Unterhaltsam gesprochen.<\/p>\n\n<p>Dort scheint mir auch einer der Gr\u00fcnde zu liegen, warum die\u00a0<a href=\"http:\/\/vimeo.com\/channels\/aesthetic\">\u201c\u00c4sthetische Gesellschaft\u201d<\/a>\u00a0(nicht wegens Schiller, den Adorno einst als \u201cpower und patzig\u201d titulierte) \u00e4sthetische Gesellschaft heissen sollte. Das Thema von Kunst, \u00c4sthetik, Mystik und Weisheit war seit je unbestimmte Komplexit\u00e4t, in deren Pool Sinn allenfalls im Freistil erschwommen werden kann.<\/p>\n\n<p><strong>Eine Gesellschaft, die h\u00f6here Komplexit\u00e4t ausbildet, wird also Formen der Erzeugung und Tolerierung struktureller Unsicherheiten finden m\u00fcssen. Sie wird sich ihre eigene Autopoiesis gewisserma\u00dfen jenseits ihrer Strukturen garantieren m\u00fcssen\u2026\u201d (Luhmann 1984)<\/strong><\/p>\n\n<p>Da f\u00e4llt mir spontan die Anschlussfrage ein: Weil sonst was???<\/p>\n\t\t\t\t\t\t\t\t<\/div>\n\t\t\t\t<\/div>\n\t\t\t\t\t<\/div>\n\t\t\t\t<\/div>\n\t\t\t\t<\/div>\n\t\t","protected":false},"excerpt":{"rendered":"<p>Fundst\u00fcck aus meiner Vergangenheit: Vor knapp 15 Jahren bef\u00fcllte ich gemeinsam mit Tim Bruysten und Jay Martin einen Blog, der unsere videofizierten Gespr\u00e4che (heute w\u00fcrde man sagen Video-Podcast) begleitete. Aus mir unerfindlichen Gr\u00fcnden ist das alles irgendwann gel\u00f6scht worden. Naja, own your content, sag ich nur. Wer nicht h\u00f6ren will, wird dessen verlustig. Die Texte &#8230; <a title=\"Differenzen st\u00fcckeln &#8211; Wavetank &#8211; 2.9.2010\" class=\"read-more\" href=\"https:\/\/www.siggibecker.de\/noj923yeah\/2025\/11\/19\/differenzen-stueckeln-wavetank-2-9-2010\/\" aria-label=\"Mehr zu Differenzen st\u00fcckeln &#8211; Wavetank &#8211; 2.9.2010\">Weiterlesen &#8230;<\/a><\/p>\n","protected":false},"author":1,"featured_media":0,"comment_status":"closed","ping_status":"open","sticky":false,"template":"","format":"standard","meta":{"generate_page_header":"","footnotes":"","_wp_rev_ctl_limit":""},"categories":[1,244],"tags":[79,85,255,254,5],"class_list":["post-2895","post","type-post","status-publish","format-standard","hentry","category-allgemein","category-roam","tag-beschleunigung","tag-kommunikation","tag-kontingenz","tag-wavetank","tag-zukunft"],"_links":{"self":[{"href":"https:\/\/www.siggibecker.de\/noj923yeah\/wp-json\/wp\/v2\/posts\/2895","targetHints":{"allow":["GET"]}}],"collection":[{"href":"https:\/\/www.siggibecker.de\/noj923yeah\/wp-json\/wp\/v2\/posts"}],"about":[{"href":"https:\/\/www.siggibecker.de\/noj923yeah\/wp-json\/wp\/v2\/types\/post"}],"author":[{"embeddable":true,"href":"https:\/\/www.siggibecker.de\/noj923yeah\/wp-json\/wp\/v2\/users\/1"}],"replies":[{"embeddable":true,"href":"https:\/\/www.siggibecker.de\/noj923yeah\/wp-json\/wp\/v2\/comments?post=2895"}],"version-history":[{"count":4,"href":"https:\/\/www.siggibecker.de\/noj923yeah\/wp-json\/wp\/v2\/posts\/2895\/revisions"}],"predecessor-version":[{"id":2899,"href":"https:\/\/www.siggibecker.de\/noj923yeah\/wp-json\/wp\/v2\/posts\/2895\/revisions\/2899"}],"wp:attachment":[{"href":"https:\/\/www.siggibecker.de\/noj923yeah\/wp-json\/wp\/v2\/media?parent=2895"}],"wp:term":[{"taxonomy":"category","embeddable":true,"href":"https:\/\/www.siggibecker.de\/noj923yeah\/wp-json\/wp\/v2\/categories?post=2895"},{"taxonomy":"post_tag","embeddable":true,"href":"https:\/\/www.siggibecker.de\/noj923yeah\/wp-json\/wp\/v2\/tags?post=2895"}],"curies":[{"name":"wp","href":"https:\/\/api.w.org\/{rel}","templated":true}]}}