{"id":2702,"date":"2024-05-16T11:23:28","date_gmt":"2024-05-16T11:23:28","guid":{"rendered":"https:\/\/www.siggibecker.de\/noj923yeah\/?p=2702"},"modified":"2024-05-21T17:58:14","modified_gmt":"2024-05-21T17:58:14","slug":"uebel-krass-hart-chat4o","status":"publish","type":"post","link":"https:\/\/www.siggibecker.de\/noj923yeah\/2024\/05\/16\/uebel-krass-hart-chat4o\/","title":{"rendered":"\u00dcbel krass hart! #Chat4o"},"content":{"rendered":"\n<p>Der Inhalt f\u00fcr mein leeres Posting zum <a href=\"https:\/\/www.siggibecker.de\/noj923yeah\/2022\/12\/14\/das-digitale-partikulargericht\/\" data-type=\"link\" data-id=\"https:\/\/www.siggibecker.de\/noj923yeah\/2022\/12\/14\/das-digitale-partikulargericht\/\">Digitalen Partikulargericht<\/a> w\u00e4chst mir langsam zu. Meine vor einigen Jahren d\u00e4mmernde Vermutung das das alles zu einer Situation f\u00fchrt, in der <a href=\"https:\/\/www.siggibecker.de\/blog\/archives\/2004\/08\/suchmaschine-im-jahr-2020\/\" data-type=\"link\" data-id=\"https:\/\/www.siggibecker.de\/blog\/archives\/2004\/08\/suchmaschine-im-jahr-2020\/\">der Gesamtvektor eines Menschen zu einer AI-mediatisierten, jederzeit verf\u00fcgbaren Summe aggregiert werden kann<\/a>, nimmt rasend schnell Form an.<br>Die F\u00e4higkeit von ChatGPT4o, Gesichtsausdr\u00fccke und Emotionen hinreichend zu deuten \u00f6ffnet ein weites Feld. Das alles ohne einen pr\u00e4tenti\u00f6sen, durch 20 Jahre Gehirnw\u00e4sche gegangenen Psychoexperten. Oder einen BWLer dem 3 Wochen HR-Weiterbildung den Kamm schwellen l\u00e4sst.<\/p>\n\n\n\n<p><strong>Das Setting:<\/strong><br>Schiebt mal ein Foto aus einer allt\u00e4glichen Situation in GPT4o rein, lasst euch neutral die K\u00f6rpersprache, Stellung, Beziehungen erl\u00e4utern und dann alles durch ein big five, Hierarchien, Rollen, Potentiale, St\u00e4rken-Schw\u00e4chen sonstwas Dings raffeln, beurteilen, einordnen, bewerten. Auch nach eventuell aktiv verborgenen Eigenschaften (Wir alle spielen Theater etcpp) fragen. Die Fragen m\u00f6glichst neutral formulieren, keinen Focus auf bestimmte Personen legen, um der Neigung zum Sycophantischen zuvorzukommen.<\/p>\n\n\n\n<p>Zur Anregung einige Fragen:<\/p>\n\n\n\n<ul class=\"wp-block-list\">\n<li>Kannst du mir das Foto erkl\u00e4ren und die emotionalen Schwingungen, die bei den Personen zu beobachten sind, erkl\u00e4ren?<\/li>\n\n\n\n<li>Kann man aus der K\u00f6rpersprache der Personen irgendetwas \u00fcber ihre zuk\u00fcnftige Entwicklung oder Beziehung ableiten?<\/li>\n\n\n\n<li>Bringe diese Potentiale mit {Sun Tzu, Strategie, Hierarchie, Maslow\u2026 xyz} in Verbindung<\/li>\n\n\n\n<li>Welche Konflikte oder Synergien ergeben sich aus diesen Erkenntnissen und den m\u00f6glichen Kombinationen?<\/li>\n\n\n\n<li>Kombiniere die Potentiale der Personen mit dem big five (OCEAN-) Pers\u00f6nlichkeitsmodell!<\/li>\n\n\n\n<li>Wo und zwischem wem liegt das h\u00f6chste Konfliktpotential?<\/li>\n\n\n\n<li>Wieviele von 5 m\u00f6glichen Punkten w\u00fcrdest du jedem auf einer Authentizit\u00e4tsskala geben?<\/li>\n\n\n\n<li>Was k\u00f6nnte jeder von denen verbergen oder versuchen zu kompensieren?<\/li>\n\n\n\n<li>Vergebe Narzissmuspunkte 1 bis 5<\/li>\n\n\n\n<li>Gibt es unter all diesen Gesichtspunkten ein Zentrum?<\/li>\n\n\n\n<li>Gibt es Unterschiede zwischen Selbstwahrnehmung und Rollenanspruch?<\/li>\n<\/ul>\n\n\n\n<p>Alles nur Beispiele. Wichtig scheint mir zu sein, der schon erw\u00e4hnten Neigung zum Sycophantischen durch neutrale Formulierungen der Fragen zuvorzukommen. Dem Baby kann man zu leicht etwas in den Mund legen. Vorsicht!<\/p>\n\n\n\n<p>Die schnelle, weitere Entwicklung noch dieses Jahr d\u00fcrfte dazu f\u00fchren das die Summe aller im Netz verf\u00fcgbaren Kommunikationen in Audio, Text und Video sp\u00e4testens n\u00e4chstes Jahr dazu f\u00fchrt das \u00fcber jede Person ein gespenstisch genaues Psychogramm erstellt werden kann. Da wird kein noch so aufwendiges Kreidefressen helfen. Assholes are out! &#8222;Coaches&#8220; sind stehenden Fusses tot. Sowieso.<\/p>\n\n\n\n<p><strong>Nachtrag 1<\/strong>: unter diesem Gesichtspunkt ist zB LinkedIn die H\u00f6lle auf Erden. \ud83d\ude09<\/p>\n\n\n\n<p><strong>Noch ein Nachtrag<\/strong>, weil ich sehe das man das mit den \u00fcblichen, kritischen, reflexhaften Datensch\u00fctzerpositionen nicht verstehen oder missverstehen kann.<br>Das Problem sind nicht zus\u00e4tzliche Daten, sondern wenige Daten (visuell, auditiv) aus denen sich ein Profil entwickeln lassen wird. <br>Immer weniger. So wenige, das alles hinreicht um Entscheidungssituationen zu verbessern. Es wird sich nichts verbergen lassen, weil alle Daten verf\u00fcgbar w\u00e4ren, sondern weil in jedem noch so geringen Schnipsel alles enthalten ist. Phillip K Dick on Steroids.<\/p>\n\n\n\n<p>Ich m\u00f6chte Pete paraphrasieren: Das sieht man doch!<\/p>\n\n\n\n<figure class=\"wp-block-embed is-type-video is-provider-youtube wp-block-embed-youtube wp-embed-aspect-16-9 wp-has-aspect-ratio\"><div class=\"wp-block-embed__wrapper\">\n<iframe title=\"Das wei\u00df man doch!\" width=\"1200\" height=\"675\" src=\"https:\/\/www.youtube.com\/embed\/uX_beNviLts?feature=oembed\" frameborder=\"0\" allow=\"accelerometer; autoplay; clipboard-write; encrypted-media; gyroscope; picture-in-picture; web-share\" referrerpolicy=\"strict-origin-when-cross-origin\" allowfullscreen><\/iframe>\n<\/div><\/figure>\n\n\n\n<p>Wer das wie \u00fcblich unterbinden will, muss jede Ausbreitung von Sinneseindr\u00fccken verbieten. Klar, auch daf\u00fcr findet sich bestimmt eine Protestklientel.<\/p>\n","protected":false},"excerpt":{"rendered":"<p>Der Inhalt f\u00fcr mein leeres Posting zum Digitalen Partikulargericht w\u00e4chst mir langsam zu. Meine vor einigen Jahren d\u00e4mmernde Vermutung das das alles zu einer Situation f\u00fchrt, in der der Gesamtvektor eines Menschen zu einer AI-mediatisierten, jederzeit verf\u00fcgbaren Summe aggregiert werden kann, nimmt rasend schnell Form an.Die F\u00e4higkeit von ChatGPT4o, Gesichtsausdr\u00fccke und Emotionen hinreichend zu deuten &#8230; <a title=\"\u00dcbel krass hart! #Chat4o\" class=\"read-more\" href=\"https:\/\/www.siggibecker.de\/noj923yeah\/2024\/05\/16\/uebel-krass-hart-chat4o\/\" aria-label=\"Mehr zu \u00dcbel krass hart! #Chat4o\">Weiterlesen &#8230;<\/a><\/p>\n","protected":false},"author":1,"featured_media":0,"comment_status":"open","ping_status":"open","sticky":false,"template":"","format":"standard","meta":{"generate_page_header":"","footnotes":"","_wp_rev_ctl_limit":""},"categories":[1],"tags":[248],"class_list":["post-2702","post","type-post","status-publish","format-standard","hentry","category-allgemein","tag-digitales-partikulargericht"],"_links":{"self":[{"href":"https:\/\/www.siggibecker.de\/noj923yeah\/wp-json\/wp\/v2\/posts\/2702","targetHints":{"allow":["GET"]}}],"collection":[{"href":"https:\/\/www.siggibecker.de\/noj923yeah\/wp-json\/wp\/v2\/posts"}],"about":[{"href":"https:\/\/www.siggibecker.de\/noj923yeah\/wp-json\/wp\/v2\/types\/post"}],"author":[{"embeddable":true,"href":"https:\/\/www.siggibecker.de\/noj923yeah\/wp-json\/wp\/v2\/users\/1"}],"replies":[{"embeddable":true,"href":"https:\/\/www.siggibecker.de\/noj923yeah\/wp-json\/wp\/v2\/comments?post=2702"}],"version-history":[{"count":9,"href":"https:\/\/www.siggibecker.de\/noj923yeah\/wp-json\/wp\/v2\/posts\/2702\/revisions"}],"predecessor-version":[{"id":2715,"href":"https:\/\/www.siggibecker.de\/noj923yeah\/wp-json\/wp\/v2\/posts\/2702\/revisions\/2715"}],"wp:attachment":[{"href":"https:\/\/www.siggibecker.de\/noj923yeah\/wp-json\/wp\/v2\/media?parent=2702"}],"wp:term":[{"taxonomy":"category","embeddable":true,"href":"https:\/\/www.siggibecker.de\/noj923yeah\/wp-json\/wp\/v2\/categories?post=2702"},{"taxonomy":"post_tag","embeddable":true,"href":"https:\/\/www.siggibecker.de\/noj923yeah\/wp-json\/wp\/v2\/tags?post=2702"}],"curies":[{"name":"wp","href":"https:\/\/api.w.org\/{rel}","templated":true}]}}