{"id":2522,"date":"2023-03-25T10:11:48","date_gmt":"2023-03-25T10:11:48","guid":{"rendered":"https:\/\/www.siggibecker.de\/noj923yeah\/?p=2522"},"modified":"2023-04-11T18:32:58","modified_gmt":"2023-04-11T18:32:58","slug":"nach-dem-buschmesser-ist-vor-dem-buschmesser","status":"publish","type":"post","link":"https:\/\/www.siggibecker.de\/noj923yeah\/2023\/03\/25\/nach-dem-buschmesser-ist-vor-dem-buschmesser\/","title":{"rendered":"Nach dem Buschmesser ist vor dem Buschmesser"},"content":{"rendered":"\t\t<div data-elementor-type=\"wp-post\" data-elementor-id=\"2522\" class=\"elementor elementor-2522\" data-elementor-post-type=\"post\">\n\t\t\t\t\t\t<section class=\"elementor-section elementor-top-section elementor-element elementor-element-7ab09b93 elementor-section-boxed elementor-section-height-default elementor-section-height-default\" data-id=\"7ab09b93\" data-element_type=\"section\" data-e-type=\"section\">\n\t\t\t\t\t\t<div class=\"elementor-container elementor-column-gap-default\">\n\t\t\t\t\t<div class=\"elementor-column elementor-col-100 elementor-top-column elementor-element elementor-element-777c235a\" data-id=\"777c235a\" data-element_type=\"column\" data-e-type=\"column\">\n\t\t\t<div class=\"elementor-widget-wrap elementor-element-populated\">\n\t\t\t\t\t\t<div class=\"elementor-element elementor-element-12b0cb31 elementor-widget elementor-widget-text-editor\" data-id=\"12b0cb31\" data-element_type=\"widget\" data-e-type=\"widget\" data-widget_type=\"text-editor.default\">\n\t\t\t\t<div class=\"elementor-widget-container\">\n\t\t\t\t\t\t\t\t\t<p><\/p>\n<p>Bei der Frequenz hat keiner mehr richtig Zeit zum Denken. Also muss man mit dem arbeiten was man mitbringt. Die in den Jahrzehnten davor aufgebaute Bildung, das kongeniale Netzwerk, der kristalline IQ, die vielen Heuristiken, die man spontan und manchmal explizit anwenden kann, weil sie \u00fcber Jahre das Hirn geformt haben.\u00a0<\/p>\n<p>Das w\u00fcrde auch ein wenig erkl\u00e4ren, warum es zu so komischen Diskussionen wie an dem [[<a href=\"https:\/\/european-future-summit.com\/\" target=\"_blank\" rel=\"noopener\">Das 23er Buschmesser<\/a>]] Abend kam: intelligente, m\u00e4ssig informierte und auch aus dem Fach kommende Leute legen ihre hoffnungslosen Interpretationen und sehr partikularen Extrapolationen auf den Tisch und nehmen sich selbst dabei als intelligent und kritisch wahr. Oder schiessen gleich ganz antifam\u00e4ssig aus der H\u00fcfte. Das kann und wird im weiteren Verlauf der Entwicklungen (und die echten Schocker stehen uns ja erst noch in den n\u00e4chsten Monaten bevor) zu kruden Reaktionen f\u00fchren.\u00a0<\/p>\n<p><span style=\"font-family: var( --e-global-typography-text-font-family ), Sans-serif; font-weight: var( --e-global-typography-text-font-weight );\">Ich hab damals (vor meinem ersten Singularit\u00e4tsvortrag &#8217;94) an mir selbst als Probanden beobachten k\u00f6nnen wie lange man als durchschnittliches Individuum braucht, um das sacken zu lassen was es bedeuten wyrd, wenn man <\/span><span style=\"font-family: var( --e-global-typography-text-font-family ), Sans-serif;\"><b><i>Intelligenz auf Intelligenz anwenden<\/i><\/b><\/span><span style=\"font-family: var( --e-global-typography-text-font-family ), Sans-serif; font-weight: var( --e-global-typography-text-font-weight );\"> wird (schon 2023? mindestens 2024). Gegory Bateson learning Level 4 sozusagen. Das braucht etwas, sogar bei leidlich intelligenten Zeitgenossen. Die, die meinen sie w\u00fcrden oder h\u00e4tten es sofort kapiert bescheissen sich meist selbst, weil ihnen wichtig ist wie sie r\u00fcberkommen (kaltschn\u00e4uzig, abgekl\u00e4rt und blitzgescheit), anstatt etwas zu durchdringen. Und \u00fcber die &#8222;kritisch&#8220; Sozialisierten brauchen wir erst gar nicht reden. Da f\u00fchren die Reflexe (non-thinking) sowieso nur in identit\u00e4tsf\u00fctternde Schleifen, die eine Woche sp\u00e4ter schon Altholz sind. Pathetische Gesten und Rumfuchteleien ahead.<\/span><\/p>\n<p><\/p>\n<p><\/p>\n<p>Wat nu?! Reisst eure kreativen Overton-Fenster auf. At the minimum. Begreift die Unbegreiflichkeit. Von Kreativit\u00e4t labern ist so unkreativ, so modernd Birkenbihlesk. G\u00f6nnt euch Science Fiction der 80iger Jahre. Ja, so hoffnungslos zur\u00fcck seid ihr. Seid bekloppter als ich!<\/p>\n<p><\/p>\t\t\t\t\t\t\t\t<\/div>\n\t\t\t\t<\/div>\n\t\t\t\t<div class=\"elementor-element elementor-element-828f595 elementor-widget elementor-widget-text-editor\" data-id=\"828f595\" data-element_type=\"widget\" data-e-type=\"widget\" data-widget_type=\"text-editor.default\">\n\t\t\t\t<div class=\"elementor-widget-container\">\n\t\t\t\t\t\t\t\t\t<p><blockquote class=\"twitter-tweet\" data-width=\"550\" data-dnt=\"true\"><p lang=\"en\" dir=\"ltr\">Even knowing about the underestimation of exponentials, one has to constantly correct predictions to the point where they feel ridiculous and slightly implausible. <a href=\"https:\/\/twitter.com\/hashtag\/Heuristics?src=hash&amp;ref_src=twsrc%5Etfw\">#Heuristics<\/a> in pre-singularity times.<\/p>&mdash; siggibecker (@siggibecker) <a href=\"https:\/\/twitter.com\/siggibecker\/status\/1639541799860445184?ref_src=twsrc%5Etfw\">March 25, 2023<\/a><\/blockquote><script async src=\"https:\/\/platform.twitter.com\/widgets.js\" charset=\"utf-8\"><\/script><\/p>\t\t\t\t\t\t\t\t<\/div>\n\t\t\t\t<\/div>\n\t\t\t\t<div class=\"elementor-element elementor-element-ea6ba05 elementor-widget elementor-widget-text-editor\" data-id=\"ea6ba05\" data-element_type=\"widget\" data-e-type=\"widget\" data-widget_type=\"text-editor.default\">\n\t\t\t\t<div class=\"elementor-widget-container\">\n\t\t\t\t\t\t\t\t\t<p><blockquote class=\"twitter-tweet\" data-width=\"550\" data-dnt=\"true\"><p lang=\"en\" dir=\"ltr\">Prediction for post-AGI times: Relevance will be decoupled from attention.<\/p>&mdash; siggibecker (@siggibecker) <a href=\"https:\/\/twitter.com\/siggibecker\/status\/1639585798763757569?ref_src=twsrc%5Etfw\">March 25, 2023<\/a><\/blockquote><script async src=\"https:\/\/platform.twitter.com\/widgets.js\" charset=\"utf-8\"><\/script><\/p>\t\t\t\t\t\t\t\t<\/div>\n\t\t\t\t<\/div>\n\t\t\t\t<div class=\"elementor-element elementor-element-85af104 elementor-widget elementor-widget-image\" data-id=\"85af104\" data-element_type=\"widget\" data-e-type=\"widget\" data-widget_type=\"image.default\">\n\t\t\t\t<div class=\"elementor-widget-container\">\n\t\t\t\t\t\t\t\t\t\t\t\t\t\t\t<img fetchpriority=\"high\" decoding=\"async\" width=\"500\" height=\"375\" src=\"https:\/\/www.siggibecker.de\/noj923yeah\/files\/2023\/03\/sing97.jpg\" class=\"attachment-large size-large wp-image-2540\" alt=\"\" \/>\t\t\t\t\t\t\t\t\t\t\t\t\t\t\t<\/div>\n\t\t\t\t<\/div>\n\t\t\t\t\t<\/div>\n\t\t<\/div>\n\t\t\t\t\t<\/div>\n\t\t<\/section>\n\t\t\t\t<\/div>\n\t\t","protected":false},"excerpt":{"rendered":"<p>Bei der Frequenz hat keiner mehr richtig Zeit zum Denken. Also muss man mit dem arbeiten was man mitbringt. Die in den Jahrzehnten davor aufgebaute Bildung, das kongeniale Netzwerk, der kristalline IQ, die vielen Heuristiken, die man spontan und manchmal explizit anwenden kann, weil sie \u00fcber Jahre das Hirn geformt haben.\u00a0 Das w\u00fcrde auch ein &#8230; <a title=\"Nach dem Buschmesser ist vor dem Buschmesser\" class=\"read-more\" href=\"https:\/\/www.siggibecker.de\/noj923yeah\/2023\/03\/25\/nach-dem-buschmesser-ist-vor-dem-buschmesser\/\" aria-label=\"Mehr zu Nach dem Buschmesser ist vor dem Buschmesser\">Weiterlesen &#8230;<\/a><\/p>\n","protected":false},"author":1,"featured_media":0,"comment_status":"open","ping_status":"open","sticky":false,"template":"","format":"standard","meta":{"generate_page_header":"","footnotes":"","_wp_rev_ctl_limit":""},"categories":[1],"tags":[],"class_list":["post-2522","post","type-post","status-publish","format-standard","hentry","category-allgemein"],"_links":{"self":[{"href":"https:\/\/www.siggibecker.de\/noj923yeah\/wp-json\/wp\/v2\/posts\/2522","targetHints":{"allow":["GET"]}}],"collection":[{"href":"https:\/\/www.siggibecker.de\/noj923yeah\/wp-json\/wp\/v2\/posts"}],"about":[{"href":"https:\/\/www.siggibecker.de\/noj923yeah\/wp-json\/wp\/v2\/types\/post"}],"author":[{"embeddable":true,"href":"https:\/\/www.siggibecker.de\/noj923yeah\/wp-json\/wp\/v2\/users\/1"}],"replies":[{"embeddable":true,"href":"https:\/\/www.siggibecker.de\/noj923yeah\/wp-json\/wp\/v2\/comments?post=2522"}],"version-history":[{"count":52,"href":"https:\/\/www.siggibecker.de\/noj923yeah\/wp-json\/wp\/v2\/posts\/2522\/revisions"}],"predecessor-version":[{"id":2580,"href":"https:\/\/www.siggibecker.de\/noj923yeah\/wp-json\/wp\/v2\/posts\/2522\/revisions\/2580"}],"wp:attachment":[{"href":"https:\/\/www.siggibecker.de\/noj923yeah\/wp-json\/wp\/v2\/media?parent=2522"}],"wp:term":[{"taxonomy":"category","embeddable":true,"href":"https:\/\/www.siggibecker.de\/noj923yeah\/wp-json\/wp\/v2\/categories?post=2522"},{"taxonomy":"post_tag","embeddable":true,"href":"https:\/\/www.siggibecker.de\/noj923yeah\/wp-json\/wp\/v2\/tags?post=2522"}],"curies":[{"name":"wp","href":"https:\/\/api.w.org\/{rel}","templated":true}]}}