{"id":2468,"date":"2022-12-14T19:32:39","date_gmt":"2022-12-14T19:32:39","guid":{"rendered":"https:\/\/www.siggibecker.de\/noj923yeah\/?p=2468"},"modified":"2022-12-14T20:00:56","modified_gmt":"2022-12-14T20:00:56","slug":"das-digitale-partikulargericht","status":"publish","type":"post","link":"https:\/\/www.siggibecker.de\/noj923yeah\/2022\/12\/14\/das-digitale-partikulargericht\/","title":{"rendered":"Das digitale Partikulargericht"},"content":{"rendered":"\n<p>Leerpost f\u00fcr einen in n\u00e4chster Zeit zu erstellenden Text \u00fcber die M\u00f6glichkeit eines digitalen Partikulargerichts. Ganz sekular und konkret. <\/p>\n","protected":false},"excerpt":{"rendered":"<p>Leerpost f\u00fcr einen in n\u00e4chster Zeit zu erstellenden Text \u00fcber die M\u00f6glichkeit eines digitalen Partikulargerichts. Ganz sekular und konkret.<\/p>\n","protected":false},"author":1,"featured_media":0,"comment_status":"open","ping_status":"open","sticky":false,"template":"","format":"standard","meta":{"generate_page_header":"","footnotes":"","_wp_rev_ctl_limit":""},"categories":[1],"tags":[],"class_list":["post-2468","post","type-post","status-publish","format-standard","hentry","category-allgemein"],"_links":{"self":[{"href":"https:\/\/www.siggibecker.de\/noj923yeah\/wp-json\/wp\/v2\/posts\/2468","targetHints":{"allow":["GET"]}}],"collection":[{"href":"https:\/\/www.siggibecker.de\/noj923yeah\/wp-json\/wp\/v2\/posts"}],"about":[{"href":"https:\/\/www.siggibecker.de\/noj923yeah\/wp-json\/wp\/v2\/types\/post"}],"author":[{"embeddable":true,"href":"https:\/\/www.siggibecker.de\/noj923yeah\/wp-json\/wp\/v2\/users\/1"}],"replies":[{"embeddable":true,"href":"https:\/\/www.siggibecker.de\/noj923yeah\/wp-json\/wp\/v2\/comments?post=2468"}],"version-history":[{"count":1,"href":"https:\/\/www.siggibecker.de\/noj923yeah\/wp-json\/wp\/v2\/posts\/2468\/revisions"}],"predecessor-version":[{"id":2469,"href":"https:\/\/www.siggibecker.de\/noj923yeah\/wp-json\/wp\/v2\/posts\/2468\/revisions\/2469"}],"wp:attachment":[{"href":"https:\/\/www.siggibecker.de\/noj923yeah\/wp-json\/wp\/v2\/media?parent=2468"}],"wp:term":[{"taxonomy":"category","embeddable":true,"href":"https:\/\/www.siggibecker.de\/noj923yeah\/wp-json\/wp\/v2\/categories?post=2468"},{"taxonomy":"post_tag","embeddable":true,"href":"https:\/\/www.siggibecker.de\/noj923yeah\/wp-json\/wp\/v2\/tags?post=2468"}],"curies":[{"name":"wp","href":"https:\/\/api.w.org\/{rel}","templated":true}]}}