{"id":20,"date":"2011-10-17T09:07:14","date_gmt":"2011-10-17T09:07:14","guid":{"rendered":"http:\/\/www.siggibecker.de\/noj923yeah\/2011\/10\/17\/griechenland\/"},"modified":"2011-10-17T09:07:14","modified_gmt":"2011-10-17T09:07:14","slug":"griechenland","status":"publish","type":"post","link":"https:\/\/www.siggibecker.de\/noj923yeah\/2011\/10\/17\/griechenland\/","title":{"rendered":"Griechenland"},"content":{"rendered":"<p>Wie man h\u00f6rt sind Truppen der <a href=\"http:\/\/de.wikipedia.org\/wiki\/Europ%C3%A4ische_Gendarmerietruppe\">Eurogendfor<\/a> in Griechenland an Land gegangen. Da ab heute Generalstreik angesagt ist wird da wohl pysische \u00dcberzeugungsarbeit geleistet werden m\u00fcssen, damit zB Roland Berger bei der re-Privatisierung nicht gest\u00f6rt wird. Keine Ahnung warum man ausgerechnet jetzt einem bankrotten Staat Fregatten und Panzer verkaufen muss. Nur der absolute Zyniker in mir erkennt darin ein schwarzes Muster.<\/p>\n","protected":false},"excerpt":{"rendered":"<p>Wie man h\u00f6rt sind Truppen der Eurogendfor in Griechenland an Land gegangen. Da ab heute Generalstreik angesagt ist wird da wohl pysische \u00dcberzeugungsarbeit geleistet werden m\u00fcssen, damit zB Roland Berger bei der re-Privatisierung nicht gest\u00f6rt wird. Keine Ahnung warum man ausgerechnet jetzt einem bankrotten Staat Fregatten und Panzer verkaufen muss. Nur der absolute Zyniker in &#8230; <a title=\"Griechenland\" class=\"read-more\" href=\"https:\/\/www.siggibecker.de\/noj923yeah\/2011\/10\/17\/griechenland\/\" aria-label=\"Mehr zu Griechenland\">Weiterlesen &#8230;<\/a><\/p>\n","protected":false},"author":1,"featured_media":0,"comment_status":"closed","ping_status":"open","sticky":false,"template":"","format":"standard","meta":{"generate_page_header":"","footnotes":"","_wp_rev_ctl_limit":""},"categories":[4],"tags":[],"class_list":["post-20","post","type-post","status-publish","format-standard","hentry","category-post"],"_links":{"self":[{"href":"https:\/\/www.siggibecker.de\/noj923yeah\/wp-json\/wp\/v2\/posts\/20","targetHints":{"allow":["GET"]}}],"collection":[{"href":"https:\/\/www.siggibecker.de\/noj923yeah\/wp-json\/wp\/v2\/posts"}],"about":[{"href":"https:\/\/www.siggibecker.de\/noj923yeah\/wp-json\/wp\/v2\/types\/post"}],"author":[{"embeddable":true,"href":"https:\/\/www.siggibecker.de\/noj923yeah\/wp-json\/wp\/v2\/users\/1"}],"replies":[{"embeddable":true,"href":"https:\/\/www.siggibecker.de\/noj923yeah\/wp-json\/wp\/v2\/comments?post=20"}],"version-history":[{"count":0,"href":"https:\/\/www.siggibecker.de\/noj923yeah\/wp-json\/wp\/v2\/posts\/20\/revisions"}],"wp:attachment":[{"href":"https:\/\/www.siggibecker.de\/noj923yeah\/wp-json\/wp\/v2\/media?parent=20"}],"wp:term":[{"taxonomy":"category","embeddable":true,"href":"https:\/\/www.siggibecker.de\/noj923yeah\/wp-json\/wp\/v2\/categories?post=20"},{"taxonomy":"post_tag","embeddable":true,"href":"https:\/\/www.siggibecker.de\/noj923yeah\/wp-json\/wp\/v2\/tags?post=20"}],"curies":[{"name":"wp","href":"https:\/\/api.w.org\/{rel}","templated":true}]}}