{"id":1819,"date":"2015-11-08T08:54:10","date_gmt":"2015-11-08T08:54:10","guid":{"rendered":"http:\/\/www.siggibecker.de\/noj923yeah\/?p=1819"},"modified":"2015-11-08T08:54:10","modified_gmt":"2015-11-08T08:54:10","slug":"schoepferische-arbeit","status":"publish","type":"post","link":"https:\/\/www.siggibecker.de\/noj923yeah\/2015\/11\/08\/schoepferische-arbeit\/","title":{"rendered":"Sch\u00f6pferische Arbeit"},"content":{"rendered":"<p><strong>Hannah Arendt im Gespr\u00e4ch mit G\u00fcnter Gauss<\/strong><\/p>\n<p><iframe title=\"Hannah Arendt im Gespr\u00e4ch mit G\u00fcnter Gaus (&quot;Zur Person&quot;, 1964)\" width=\"1200\" height=\"900\" src=\"https:\/\/www.youtube.com\/embed\/J9SyTEUi6Kw?start=337&#038;feature=oembed\" frameborder=\"0\" allow=\"accelerometer; autoplay; clipboard-write; encrypted-media; gyroscope; picture-in-picture\" allowfullscreen><\/iframe><\/p>\n<blockquote><p>Gauss: Wollen Sie mit diesen Arbeiten eine Wirkung auch in der Breite erzielen oder glauben Sie das eine solche Wirkung in der heutigen Zeit gar nicht mehr m\u00f6glich ist oder ist Ihnen ein solcher Breiteneffekt nebens\u00e4chlich?<\/p>\n<p>Arendt: Wissen Sie das ist wieder so eine Sache. Wenn ich ganz ehrlich sprechen soll, dann: Wenn ich arbeite, dann bin ich nicht an Wirkung interessiert.<\/p>\n<p>Gauss: Wenn die Arbeit fertig ist?<\/p>\n<p>Arendt: Tja, dann bin ich damit fertig.<\/p><\/blockquote>\n<p>Ganz wichtige, innere Vorbedingung f\u00fcr wirklich sch\u00f6pferische T\u00e4tigkeit, ob in Musik, bildender Kunst oder Schrift. Wer auf Wirkung abstellt begibt sich auf das Feld der Politik oder\/und Propaganda. Basta. Sch\u00f6pferisch t\u00e4tig sein heisst sich selbst etwas klar machen und somit von Ergebnissen \u00fcberrascht werden, die nicht planbar sind.<\/p>\n","protected":false},"excerpt":{"rendered":"<p>Hannah Arendt im Gespr\u00e4ch mit G\u00fcnter Gauss Gauss: Wollen Sie mit diesen Arbeiten eine Wirkung auch in der Breite erzielen oder glauben Sie das eine solche Wirkung in der heutigen Zeit gar nicht mehr m\u00f6glich ist oder ist Ihnen ein solcher Breiteneffekt nebens\u00e4chlich? Arendt: Wissen Sie das ist wieder so eine Sache. Wenn ich ganz &#8230; <a title=\"Sch\u00f6pferische Arbeit\" class=\"read-more\" href=\"https:\/\/www.siggibecker.de\/noj923yeah\/2015\/11\/08\/schoepferische-arbeit\/\" aria-label=\"Mehr zu Sch\u00f6pferische Arbeit\">Weiterlesen &#8230;<\/a><\/p>\n","protected":false},"author":1,"featured_media":0,"comment_status":"closed","ping_status":"open","sticky":false,"template":"","format":"standard","meta":{"generate_page_header":"","footnotes":"","_wp_rev_ctl_limit":""},"categories":[1],"tags":[],"class_list":["post-1819","post","type-post","status-publish","format-standard","hentry","category-allgemein"],"_links":{"self":[{"href":"https:\/\/www.siggibecker.de\/noj923yeah\/wp-json\/wp\/v2\/posts\/1819","targetHints":{"allow":["GET"]}}],"collection":[{"href":"https:\/\/www.siggibecker.de\/noj923yeah\/wp-json\/wp\/v2\/posts"}],"about":[{"href":"https:\/\/www.siggibecker.de\/noj923yeah\/wp-json\/wp\/v2\/types\/post"}],"author":[{"embeddable":true,"href":"https:\/\/www.siggibecker.de\/noj923yeah\/wp-json\/wp\/v2\/users\/1"}],"replies":[{"embeddable":true,"href":"https:\/\/www.siggibecker.de\/noj923yeah\/wp-json\/wp\/v2\/comments?post=1819"}],"version-history":[{"count":1,"href":"https:\/\/www.siggibecker.de\/noj923yeah\/wp-json\/wp\/v2\/posts\/1819\/revisions"}],"predecessor-version":[{"id":1820,"href":"https:\/\/www.siggibecker.de\/noj923yeah\/wp-json\/wp\/v2\/posts\/1819\/revisions\/1820"}],"wp:attachment":[{"href":"https:\/\/www.siggibecker.de\/noj923yeah\/wp-json\/wp\/v2\/media?parent=1819"}],"wp:term":[{"taxonomy":"category","embeddable":true,"href":"https:\/\/www.siggibecker.de\/noj923yeah\/wp-json\/wp\/v2\/categories?post=1819"},{"taxonomy":"post_tag","embeddable":true,"href":"https:\/\/www.siggibecker.de\/noj923yeah\/wp-json\/wp\/v2\/tags?post=1819"}],"curies":[{"name":"wp","href":"https:\/\/api.w.org\/{rel}","templated":true}]}}