{"id":1793,"date":"2015-09-29T08:53:19","date_gmt":"2015-09-29T08:53:19","guid":{"rendered":"http:\/\/www.siggibecker.de\/noj923yeah\/?p=1793"},"modified":"2016-11-16T18:46:22","modified_gmt":"2016-11-16T18:46:22","slug":"am-fenster","status":"publish","type":"post","link":"https:\/\/www.siggibecker.de\/noj923yeah\/2015\/09\/29\/am-fenster\/","title":{"rendered":"Am Fenster"},"content":{"rendered":"\t\t<div data-elementor-type=\"wp-post\" data-elementor-id=\"1793\" class=\"elementor elementor-1793 elementor-bc-flex-widget\" data-elementor-post-type=\"post\">\n\t\t\t\t\t\t<section class=\"elementor-section elementor-top-section elementor-element elementor-element-nrvkblm elementor-section-boxed elementor-section-height-default elementor-section-height-default\" data-id=\"nrvkblm\" data-element_type=\"section\" data-e-type=\"section\">\n\t\t\t\t\t\t<div class=\"elementor-container elementor-column-gap-default\">\n\t\t\t\t\t<div class=\"elementor-column elementor-col-100 elementor-top-column elementor-element elementor-element-evkhcgx\" data-id=\"evkhcgx\" data-element_type=\"column\" data-e-type=\"column\">\n\t\t\t<div class=\"elementor-widget-wrap elementor-element-populated\">\n\t\t\t\t\t\t<div class=\"elementor-element elementor-element-vkhxogn elementor-widget elementor-widget-text-editor\" data-id=\"vkhxogn\" data-element_type=\"widget\" data-e-type=\"widget\" data-widget_type=\"text-editor.default\">\n\t\t\t\t<div class=\"elementor-widget-container\">\n\t\t\t\t\t\t\t\t\t<p style=\"text-align: justify;\"><span style=\"color: #000000;\">Der Gegenzauber sprachlichen Verhaltens, wenn das Fenster ge\u00f6ffnet wurde unterh\u00e4lt niemanden, der anwesend sein k\u00f6nnte. In einer ge\u00f6ffneten Hand k\u00f6nnte das Federh\u00e4ufchen gewandelter Kettchen gehalten werden, das wertvoller d\u00fcnkt, als alle Erinnerungen. Auf unbegr\u00fcndetem Grund stehen. Sein braucht keinen Mut. F.f.<\/span><\/p>\t\t\t\t\t\t\t\t<\/div>\n\t\t\t\t<\/div>\n\t\t\t\t\t<\/div>\n\t\t<\/div>\n\t\t\t\t\t<\/div>\n\t\t<\/section>\n\t\t\t\t<section class=\"elementor-section elementor-top-section elementor-element elementor-element-ainpzga elementor-section-full_width elementor-section-height-default elementor-section-height-default\" data-id=\"ainpzga\" data-element_type=\"section\" data-e-type=\"section\">\n\t\t\t\t\t\t<div class=\"elementor-container elementor-column-gap-no\">\n\t\t\t\t\t<div class=\"elementor-column elementor-col-100 elementor-top-column elementor-element elementor-element-uskodyb\" data-id=\"uskodyb\" data-element_type=\"column\" data-e-type=\"column\">\n\t\t\t<div class=\"elementor-widget-wrap elementor-element-populated\">\n\t\t\t\t\t\t<div class=\"elementor-element elementor-element-ahdgwsf elementor-widget elementor-widget-image\" data-id=\"ahdgwsf\" data-element_type=\"widget\" data-e-type=\"widget\" data-widget_type=\"image.default\">\n\t\t\t\t<div class=\"elementor-widget-container\">\n\t\t\t\t\t\t\t\t\t\t\t\t\t\t\t\t<a href=\"https:\/\/www.siggibecker.de\/noj923yeah\/tag\/meditationes\/\">\n\t\t\t\t\t\t\t<img fetchpriority=\"high\" decoding=\"async\" width=\"1500\" height=\"200\" src=\"https:\/\/www.siggibecker.de\/noj923yeah\/files\/2016\/09\/1500x200-hhkrk7sftgftu.jpg\" class=\"elementor-animation-pulse attachment-full size-full wp-image-2031\" alt=\"\" srcset=\"https:\/\/www.siggibecker.de\/noj923yeah\/files\/2016\/09\/1500x200-hhkrk7sftgftu.jpg 1500w, https:\/\/www.siggibecker.de\/noj923yeah\/files\/2016\/09\/1500x200-hhkrk7sftgftu-300x40.jpg 300w, https:\/\/www.siggibecker.de\/noj923yeah\/files\/2016\/09\/1500x200-hhkrk7sftgftu-768x102.jpg 768w, https:\/\/www.siggibecker.de\/noj923yeah\/files\/2016\/09\/1500x200-hhkrk7sftgftu-1024x137.jpg 1024w\" sizes=\"(max-width: 1500px) 100vw, 1500px\" \/>\t\t\t\t\t\t\t\t<\/a>\n\t\t\t\t\t\t\t\t\t\t\t\t\t\t\t<\/div>\n\t\t\t\t<\/div>\n\t\t\t\t\t<\/div>\n\t\t<\/div>\n\t\t\t\t\t<\/div>\n\t\t<\/section>\n\t\t\t\t<\/div>\n\t\t","protected":false},"excerpt":{"rendered":"<p>Der Gegenzauber sprachlichen Verhaltens, wenn das Fenster ge\u00f6ffnet wurde unterh\u00e4lt niemanden, der anwesend sein k\u00f6nnte. In einer ge\u00f6ffneten Hand k\u00f6nnte das Federh\u00e4ufchen gewandelter Kettchen gehalten werden, das wertvoller d\u00fcnkt, als alle Erinnerungen. Auf unbegr\u00fcndetem Grund stehen. Sein braucht keinen Mut. F.f.<\/p>\n","protected":false},"author":1,"featured_media":801,"comment_status":"open","ping_status":"open","sticky":false,"template":"","format":"standard","meta":{"generate_page_header":"","footnotes":"","_wp_rev_ctl_limit":""},"categories":[1],"tags":[184],"class_list":["post-1793","post","type-post","status-publish","format-standard","has-post-thumbnail","hentry","category-allgemein","tag-meditationes"],"_links":{"self":[{"href":"https:\/\/www.siggibecker.de\/noj923yeah\/wp-json\/wp\/v2\/posts\/1793","targetHints":{"allow":["GET"]}}],"collection":[{"href":"https:\/\/www.siggibecker.de\/noj923yeah\/wp-json\/wp\/v2\/posts"}],"about":[{"href":"https:\/\/www.siggibecker.de\/noj923yeah\/wp-json\/wp\/v2\/types\/post"}],"author":[{"embeddable":true,"href":"https:\/\/www.siggibecker.de\/noj923yeah\/wp-json\/wp\/v2\/users\/1"}],"replies":[{"embeddable":true,"href":"https:\/\/www.siggibecker.de\/noj923yeah\/wp-json\/wp\/v2\/comments?post=1793"}],"version-history":[{"count":6,"href":"https:\/\/www.siggibecker.de\/noj923yeah\/wp-json\/wp\/v2\/posts\/1793\/revisions"}],"predecessor-version":[{"id":2186,"href":"https:\/\/www.siggibecker.de\/noj923yeah\/wp-json\/wp\/v2\/posts\/1793\/revisions\/2186"}],"wp:featuredmedia":[{"embeddable":true,"href":"https:\/\/www.siggibecker.de\/noj923yeah\/wp-json\/wp\/v2\/media\/801"}],"wp:attachment":[{"href":"https:\/\/www.siggibecker.de\/noj923yeah\/wp-json\/wp\/v2\/media?parent=1793"}],"wp:term":[{"taxonomy":"category","embeddable":true,"href":"https:\/\/www.siggibecker.de\/noj923yeah\/wp-json\/wp\/v2\/categories?post=1793"},{"taxonomy":"post_tag","embeddable":true,"href":"https:\/\/www.siggibecker.de\/noj923yeah\/wp-json\/wp\/v2\/tags?post=1793"}],"curies":[{"name":"wp","href":"https:\/\/api.w.org\/{rel}","templated":true}]}}