{"id":131,"date":"2011-12-16T23:52:53","date_gmt":"2011-12-16T23:52:53","guid":{"rendered":"http:\/\/www.siggibecker.de\/noj923yeah\/?p=131"},"modified":"2011-12-16T23:52:53","modified_gmt":"2011-12-16T23:52:53","slug":"morgenfragment-am-abend","status":"publish","type":"post","link":"https:\/\/www.siggibecker.de\/noj923yeah\/2011\/12\/16\/morgenfragment-am-abend\/","title":{"rendered":"Morgenfragment am Abend"},"content":{"rendered":"<p>Das geistige Leben eines Ph\u00e4notyps sch\u00f6pft seine F\u00fclle aus der Frage ob ein Grund gefunden werden kann, oder ob die schwelende Erinnerung einer tiefen Erfahrung\u00a0den Grund\u00a0f\u00fcr die Vision bildet. Qualitativ weitermachen \u00a0kann nur, wer dieser Sehnsucht oder jenem Schmerz folgt. Das endlose Gespr\u00e4ch lebt aus dem Reflex auf diese Pole. Das Universum ist die gr\u00f6\u00dftm\u00f6gliche Projektionsfl\u00e4che f\u00fcr diesen Schmerz und diese Sehnsucht.<\/p>\n","protected":false},"excerpt":{"rendered":"<p>Das geistige Leben eines Ph\u00e4notyps sch\u00f6pft seine F\u00fclle aus der Frage ob ein Grund gefunden werden kann, oder ob die schwelende Erinnerung einer tiefen Erfahrung\u00a0den Grund\u00a0f\u00fcr die Vision bildet. Qualitativ weitermachen \u00a0kann nur, wer dieser Sehnsucht oder jenem Schmerz folgt. Das endlose Gespr\u00e4ch lebt aus dem Reflex auf diese Pole. Das Universum ist die gr\u00f6\u00dftm\u00f6gliche &#8230; <a title=\"Morgenfragment am Abend\" class=\"read-more\" href=\"https:\/\/www.siggibecker.de\/noj923yeah\/2011\/12\/16\/morgenfragment-am-abend\/\" aria-label=\"Mehr zu Morgenfragment am Abend\">Weiterlesen &#8230;<\/a><\/p>\n","protected":false},"author":1,"featured_media":0,"comment_status":"closed","ping_status":"open","sticky":false,"template":"","format":"standard","meta":{"generate_page_header":"","footnotes":"","_wp_rev_ctl_limit":""},"categories":[1],"tags":[52],"class_list":["post-131","post","type-post","status-publish","format-standard","hentry","category-allgemein","tag-sinn"],"_links":{"self":[{"href":"https:\/\/www.siggibecker.de\/noj923yeah\/wp-json\/wp\/v2\/posts\/131","targetHints":{"allow":["GET"]}}],"collection":[{"href":"https:\/\/www.siggibecker.de\/noj923yeah\/wp-json\/wp\/v2\/posts"}],"about":[{"href":"https:\/\/www.siggibecker.de\/noj923yeah\/wp-json\/wp\/v2\/types\/post"}],"author":[{"embeddable":true,"href":"https:\/\/www.siggibecker.de\/noj923yeah\/wp-json\/wp\/v2\/users\/1"}],"replies":[{"embeddable":true,"href":"https:\/\/www.siggibecker.de\/noj923yeah\/wp-json\/wp\/v2\/comments?post=131"}],"version-history":[{"count":4,"href":"https:\/\/www.siggibecker.de\/noj923yeah\/wp-json\/wp\/v2\/posts\/131\/revisions"}],"predecessor-version":[{"id":135,"href":"https:\/\/www.siggibecker.de\/noj923yeah\/wp-json\/wp\/v2\/posts\/131\/revisions\/135"}],"wp:attachment":[{"href":"https:\/\/www.siggibecker.de\/noj923yeah\/wp-json\/wp\/v2\/media?parent=131"}],"wp:term":[{"taxonomy":"category","embeddable":true,"href":"https:\/\/www.siggibecker.de\/noj923yeah\/wp-json\/wp\/v2\/categories?post=131"},{"taxonomy":"post_tag","embeddable":true,"href":"https:\/\/www.siggibecker.de\/noj923yeah\/wp-json\/wp\/v2\/tags?post=131"}],"curies":[{"name":"wp","href":"https:\/\/api.w.org\/{rel}","templated":true}]}}