{"id":89,"date":"2004-09-09T17:44:06","date_gmt":"2004-09-09T15:44:06","guid":{"rendered":"http:\/\/www.siggibecker.de\/blog\/archives\/2004\/09\/individuelle-entwicklung-technologie-zukunft\/"},"modified":"2017-01-15T16:49:30","modified_gmt":"2017-01-15T15:49:30","slug":"individuelle-entwicklung-technologie-zukunft","status":"publish","type":"post","link":"https:\/\/www.siggibecker.de\/blog\/archives\/2004\/09\/individuelle-entwicklung-technologie-zukunft\/","title":{"rendered":"Individuelle Entwicklung und Technologie"},"content":{"rendered":"<p>Wenn man unterstellt, das der Mensch bekannte und seit Jahrtausenden katalogisierte Entwicklungstufen durchl\u00e4uft, dann driften wir auch in diesem Punkt auf ein Dilemma zu.<\/p>\n<p>Die bekannten Entwicklungsstufen k\u00f6nnen nicht einfach mit den neuen technologischen Mitteln effektiver erreicht werden, einfach weil es ein koevolutiver Prozess ist. Keiner kann sich ein effizientes Schnittchen aus einem Prozess herausschneiden der reinste Ko-Evolution von Individuum, Technologie und Gesellschaft ist. Alle Beteiligten kommen dabei nicht unver\u00e4ndert weg. Und zwar in unvorhersehbarer Weise.<\/p>\n<p>Wir leben nicht mehr zu Buddhas Zeiten. Nicht weil das chronologisch offensichtlich ist, sondern weil die Ver\u00e4nderungen denen wir gesellschaftlich und technologisch koevolutiv unterliegen auf Zeitintervalle reduziert sind, die weit unterhalb der Statik liegen die n\u00f6tig w\u00e4re um vorhersehbare Entwicklungsstufen anzustreben. P\u00e4dagogik ist da noch das naheliegendste Beispiel. Psychische Entwicklungsprozesse ein weiterer. Diese Koevolution betrifft nicht nur die kognitiven und\/oder seelischen Formationen sondern auch die herk\u00f6mmlichen Arten der physischen Organisation.<\/p>\n<p>Aus diesen Gr\u00fcnden sind alle Errungenschaften der letzten 30 Jahre nicht nur lineare oder exponentielle Erweiterungen unserer Verm\u00f6gen, sondern auch Sprungbretter in Qualit\u00e4ten, die auf keiner Skala menschlicher Entwicklungsabfolgen verzeichnet sein k\u00f6nnen. In diesem Sinne geht es mal endlich wirklich weiter.<\/p>\n","protected":false},"excerpt":{"rendered":"<p>Wenn man unterstellt, das der Mensch bekannte und seit Jahrtausenden katalogisierte Entwicklungstufen durchl\u00e4uft, dann driften wir auch in diesem Punkt auf ein Dilemma zu. Die bekannten Entwicklungsstufen k\u00f6nnen nicht einfach mit den neuen technologischen Mitteln effektiver erreicht werden, einfach weil es ein koevolutiver Prozess ist. Keiner kann sich ein effizientes Schnittchen aus einem Prozess herausschneiden &#8230; <a title=\"Individuelle Entwicklung und Technologie\" class=\"read-more\" href=\"https:\/\/www.siggibecker.de\/blog\/archives\/2004\/09\/individuelle-entwicklung-technologie-zukunft\/\" aria-label=\"Mehr zu Individuelle Entwicklung und Technologie\">Weiterlesen &#8230;<\/a><\/p>\n","protected":false},"author":1,"featured_media":0,"comment_status":"open","ping_status":"open","sticky":false,"template":"","format":"standard","meta":{"generate_page_header":"","footnotes":""},"categories":[2,30,40],"tags":[],"class_list":["post-89","post","type-post","status-publish","format-standard","hentry","category-was-wyrd","category-pre-singularity","category-transformation"],"_links":{"self":[{"href":"https:\/\/www.siggibecker.de\/blog\/wp-json\/wp\/v2\/posts\/89","targetHints":{"allow":["GET"]}}],"collection":[{"href":"https:\/\/www.siggibecker.de\/blog\/wp-json\/wp\/v2\/posts"}],"about":[{"href":"https:\/\/www.siggibecker.de\/blog\/wp-json\/wp\/v2\/types\/post"}],"author":[{"embeddable":true,"href":"https:\/\/www.siggibecker.de\/blog\/wp-json\/wp\/v2\/users\/1"}],"replies":[{"embeddable":true,"href":"https:\/\/www.siggibecker.de\/blog\/wp-json\/wp\/v2\/comments?post=89"}],"version-history":[{"count":0,"href":"https:\/\/www.siggibecker.de\/blog\/wp-json\/wp\/v2\/posts\/89\/revisions"}],"wp:attachment":[{"href":"https:\/\/www.siggibecker.de\/blog\/wp-json\/wp\/v2\/media?parent=89"}],"wp:term":[{"taxonomy":"category","embeddable":true,"href":"https:\/\/www.siggibecker.de\/blog\/wp-json\/wp\/v2\/categories?post=89"},{"taxonomy":"post_tag","embeddable":true,"href":"https:\/\/www.siggibecker.de\/blog\/wp-json\/wp\/v2\/tags?post=89"}],"curies":[{"name":"wp","href":"https:\/\/api.w.org\/{rel}","templated":true}]}}