{"id":536,"date":"2010-12-16T15:01:16","date_gmt":"2010-12-16T14:01:16","guid":{"rendered":"http:\/\/www.siggibecker.de\/blog\/archives\/2010\/12\/stefan-zoellner\/"},"modified":"2017-01-19T23:25:03","modified_gmt":"2017-01-19T22:25:03","slug":"stefan-zoellner","status":"publish","type":"post","link":"https:\/\/www.siggibecker.de\/blog\/archives\/2010\/12\/stefan-zoellner\/","title":{"rendered":"Stefan Z\u00f6llner"},"content":{"rendered":"<p>Vom alten Wegbegleiter wurde ich aufgefordert etwas \u00fcber sein Schaffen abzusondern. 3 Zeilen f\u00fcr die kurzatmigen Begleithefte der Vernissagenwelt. Und weil ich vermute das mir die Kondensation seines Schaffens aus meiner Sicht vorl\u00e4ufig gelungen ist, hier der Blurb. Schaut euch endlich mal sein Zeug ohne Verstand an, sonst muss ich noch b\u00f6se werden und mit Tiernamen um mich werfen. Auf der gro\u00dfen Werkschau bei Siepermann (Knirps anybody?) in Wuppertal im M\u00e4rz war schon so eine Art Schwellenerwartung ob der noch ausstehenden Anerkennung des Werkes rauszuh\u00f6ren. Da kommt noch mehr. Der kann nicht anders.<\/p>\n<p><a href=\"http:\/\/www.derraum.com\/\">Der Z\u00f6llner aka fatagaga tr\u00e4umt seit den 80igern in seinen Werken einer undeutlichen Zukunft entgegen, die ihm nun immer h\u00e4ufiger den Begriff Transhumanismus in aller Unsch\u00e4rfe vor die F\u00fcsse wirft.<\/a> Ob er allerdings ohne Bedeutungsverlust diesem Sicherheit versprechenden begrifflichen Regenschirm untergeschoben werden kann, ist das Problem dieses Etiketts, nicht seines Schaffens. Die D\u00e4monie seines Werkes liegt ja auch gerade dort: in den Zipfeln, die sich weigern einem Etikett untergeordnet zu werden, nur um museal zur Strecke gebracht, f\u00fcr Ruhe zu sorgen. Der Stachel in all seinen Dingern ist denn auch der n\u00e4chste, wirklich konsequente Schritt: Posthumanismus. Transhumanismus kann nur ein erster, sch\u00fctzender Handschuh sein, um sich dem Schmutz des Posthumanismus in seinem Werk anzun\u00e4hern. Wer den Schritt wagt und die an\u00e4sthetisierende Wirkung einer k\u00fcnstlerischen Einordnung seines Werkes vermeidet, wird einen Sucher im Auftrag der Philosophia Perennis finden.<\/p>\n","protected":false},"excerpt":{"rendered":"<p>Vom alten Wegbegleiter wurde ich aufgefordert etwas \u00fcber sein Schaffen abzusondern. 3 Zeilen f\u00fcr die kurzatmigen Begleithefte der Vernissagenwelt. Und weil ich vermute das mir die Kondensation seines Schaffens aus meiner Sicht vorl\u00e4ufig gelungen ist, hier der Blurb. Schaut euch endlich mal sein Zeug ohne Verstand an, sonst muss ich noch b\u00f6se werden und mit &#8230; <a title=\"Stefan Z\u00f6llner\" class=\"read-more\" href=\"https:\/\/www.siggibecker.de\/blog\/archives\/2010\/12\/stefan-zoellner\/\" aria-label=\"Mehr zu Stefan Z\u00f6llner\">Weiterlesen &#8230;<\/a><\/p>\n","protected":false},"author":1,"featured_media":0,"comment_status":"closed","ping_status":"open","sticky":false,"template":"","format":"standard","meta":{"generate_page_header":"","footnotes":""},"categories":[2,6,29,41],"tags":[],"class_list":["post-536","post","type-post","status-publish","format-standard","hentry","category-was-wyrd","category-beschleunigung-der-beschleunigung","category-post-singularity","category-transhumanismus"],"_links":{"self":[{"href":"https:\/\/www.siggibecker.de\/blog\/wp-json\/wp\/v2\/posts\/536","targetHints":{"allow":["GET"]}}],"collection":[{"href":"https:\/\/www.siggibecker.de\/blog\/wp-json\/wp\/v2\/posts"}],"about":[{"href":"https:\/\/www.siggibecker.de\/blog\/wp-json\/wp\/v2\/types\/post"}],"author":[{"embeddable":true,"href":"https:\/\/www.siggibecker.de\/blog\/wp-json\/wp\/v2\/users\/1"}],"replies":[{"embeddable":true,"href":"https:\/\/www.siggibecker.de\/blog\/wp-json\/wp\/v2\/comments?post=536"}],"version-history":[{"count":0,"href":"https:\/\/www.siggibecker.de\/blog\/wp-json\/wp\/v2\/posts\/536\/revisions"}],"wp:attachment":[{"href":"https:\/\/www.siggibecker.de\/blog\/wp-json\/wp\/v2\/media?parent=536"}],"wp:term":[{"taxonomy":"category","embeddable":true,"href":"https:\/\/www.siggibecker.de\/blog\/wp-json\/wp\/v2\/categories?post=536"},{"taxonomy":"post_tag","embeddable":true,"href":"https:\/\/www.siggibecker.de\/blog\/wp-json\/wp\/v2\/tags?post=536"}],"curies":[{"name":"wp","href":"https:\/\/api.w.org\/{rel}","templated":true}]}}