{"id":511,"date":"2009-08-07T20:23:28","date_gmt":"2009-08-07T18:23:28","guid":{"rendered":"http:\/\/www.siggibecker.de\/blog\/archives\/2009\/08\/2wavewednesday-in-duesseldorf\/"},"modified":"2017-01-19T23:15:24","modified_gmt":"2017-01-19T22:15:24","slug":"2wavewednesday-in-duesseldorf","status":"publish","type":"post","link":"https:\/\/www.siggibecker.de\/blog\/archives\/2009\/08\/2wavewednesday-in-duesseldorf\/","title":{"rendered":"2.WaveWednesday in D\u00fcsseldorf!"},"content":{"rendered":"<p>Am n\u00e4chsten Mittwoch, den 12. August, 20 Uhr findet in D\u00fcsseldorf der 2.<a href=\"http:\/\/www.wavewednesday.com\">WaveWednesday<\/a> statt. Treffpunkt ist wieder das wohnliche B\u00fcro von Gastgeber <a href=\"http:\/\/www.bruysten.com\">Tim Bruysten<\/a> auf der Wei\u00dfenburgstrasse 52, <a href=\"http:\/\/www.richtwert.eu\">richtwert GmbH<\/a>. Ausser mir und Tim bereiten wieder <a href=\"http:\/\/www.werbeblogger.de\">Jay Martin<\/a> und <a href=\"http:\/\/www.abenker.com\">Alex Benker<\/a> den einzigsten WaveWednesday im Umkreis von 43,4Km vor. Diesmal sind wir in der gl\u00fccklichen Lage aus dem Innern des Walfischs berichten zu k\u00f6nnen, da wir wie berichtet f\u00fcr den Hackathon letzte Woche Wave Accounts erhalten hatten. (<a href=\"http:\/\/sites.google.com\/site\/duesseldorfgtug\/googlewave\">Posts zum Hackathon<\/a>)<\/p>\n<p>Jeder ist herzlich eingeladen, allerdings k\u00f6nnte eine formlose Voranmeldung zB \u00fcber <a href=\"https:\/\/www.xing.com\/events\/wavewednesday-dusseldorf-377383\">Xing<\/a> oder in den Kommentaren die Bier- und Stuhlknappheit in Grenzen halten. <a href=\"http:\/\/blog.abenker.com\/2009\/08\/07\/vorankundigung-wavewednesday-dusseldorf\/\">Benkman!<\/a> hat noch viele andere sch\u00f6ne clickbare jetzt-neu-Links rund um das Thema unserer Wahl zusammengestellt.<\/p>\n<p>Empfehlenswert auf Twitter zB: <a href=\"http:\/\/twitter.com\/wavetank\">WaveTank<\/a>.<\/p>\n<p>Keine Ahnung wor\u00fcber genau ich mich 5 bis 7,2 Minuten am Mittwoch auslassen werde, es steht aber zu vermuten das es sich um Wave, Collaboration, Macht, Hierarchien, der sozialen Temperatur auf Terra, Restauration und 21 drehen wird. Oder so. &#8211; Vielleicht irgendwie.<\/p>\n","protected":false},"excerpt":{"rendered":"<p>Am n\u00e4chsten Mittwoch, den 12. August, 20 Uhr findet in D\u00fcsseldorf der 2.WaveWednesday statt. Treffpunkt ist wieder das wohnliche B\u00fcro von Gastgeber Tim Bruysten auf der Wei\u00dfenburgstrasse 52, richtwert GmbH. Ausser mir und Tim bereiten wieder Jay Martin und Alex Benker den einzigsten WaveWednesday im Umkreis von 43,4Km vor. Diesmal sind wir in der gl\u00fccklichen &#8230; <a title=\"2.WaveWednesday in D\u00fcsseldorf!\" class=\"read-more\" href=\"https:\/\/www.siggibecker.de\/blog\/archives\/2009\/08\/2wavewednesday-in-duesseldorf\/\" aria-label=\"Mehr zu 2.WaveWednesday in D\u00fcsseldorf!\">Weiterlesen &#8230;<\/a><\/p>\n","protected":false},"author":1,"featured_media":0,"comment_status":"closed","ping_status":"open","sticky":false,"template":"","format":"standard","meta":{"generate_page_header":"","footnotes":""},"categories":[5,13,18],"tags":[],"class_list":["post-511","post","type-post","status-publish","format-standard","hentry","category-beschleunigung","category-events","category-internet"],"_links":{"self":[{"href":"https:\/\/www.siggibecker.de\/blog\/wp-json\/wp\/v2\/posts\/511","targetHints":{"allow":["GET"]}}],"collection":[{"href":"https:\/\/www.siggibecker.de\/blog\/wp-json\/wp\/v2\/posts"}],"about":[{"href":"https:\/\/www.siggibecker.de\/blog\/wp-json\/wp\/v2\/types\/post"}],"author":[{"embeddable":true,"href":"https:\/\/www.siggibecker.de\/blog\/wp-json\/wp\/v2\/users\/1"}],"replies":[{"embeddable":true,"href":"https:\/\/www.siggibecker.de\/blog\/wp-json\/wp\/v2\/comments?post=511"}],"version-history":[{"count":0,"href":"https:\/\/www.siggibecker.de\/blog\/wp-json\/wp\/v2\/posts\/511\/revisions"}],"wp:attachment":[{"href":"https:\/\/www.siggibecker.de\/blog\/wp-json\/wp\/v2\/media?parent=511"}],"wp:term":[{"taxonomy":"category","embeddable":true,"href":"https:\/\/www.siggibecker.de\/blog\/wp-json\/wp\/v2\/categories?post=511"},{"taxonomy":"post_tag","embeddable":true,"href":"https:\/\/www.siggibecker.de\/blog\/wp-json\/wp\/v2\/tags?post=511"}],"curies":[{"name":"wp","href":"https:\/\/api.w.org\/{rel}","templated":true}]}}