{"id":509,"date":"2009-07-31T12:33:05","date_gmt":"2009-07-31T10:33:05","guid":{"rendered":"http:\/\/www.siggibecker.de\/blog\/archives\/2009\/07\/google-wave-hackathon-in-duesseldorf\/"},"modified":"2017-01-19T23:11:48","modified_gmt":"2017-01-19T22:11:48","slug":"google-wave-hackathon-in-duesseldorf","status":"publish","type":"post","link":"https:\/\/www.siggibecker.de\/blog\/archives\/2009\/07\/google-wave-hackathon-in-duesseldorf\/","title":{"rendered":"Google Wave Hackathon in D\u00fcsseldorf!"},"content":{"rendered":"<p>Durch kurzfristige Organisationsgeniestreiche von <a href=\"http:\/\/blog.abenker.com\/\">Alex Benker <\/a> (noch Cassini) in Zusammenarbeit mit Google <strike>Deutschland<\/strike> in Mountain View ist es uns nun m\u00f6glich morgen und Sonntag einen Google Wave Hackathon in D\u00fcsseldorf zu <strike>des<\/strike>organisieren. Hier also die noch kurzfristigere Ank\u00fcndigung! Das alles kam so schnell, das <a href=\"http:\/\/nitzsche.info\/de.start.php\">Stefan Nitzsche<\/a> vor Schreck krank geworden ist und wahrscheinlich nicht teilnehmen kann. Unkranke Teilnehmer sind: Alexander Benker, <a href=\"http:\/\/blog.bruysten.com\/2009\/07\/31\/wave-hackathon-in-dusseldorf\/\">Tim Bruysten<\/a>, Patrick Hempel, Siggi Becker, Lydia Liwowski, <a href=\"http:\/\/www.werbeblogger.de\/\">Dr. Jay Martin<\/a>, Tobias Jordans, Ingolf Kamen, Frank Ammari, <strike>Friedger M\u00fcffke -> abgesagt<\/strike>, Florian Scheel, <strike>Stefan Nitzsche (abgesagt, ist krank :-()<\/strike>, Olaf Thorm\u00e4hlen, evtl. Huibert Gill.<\/p>\n<p>Wer genauere Informationen zum ambitionierten Ablauf einsehen m\u00f6chte findet sie nat\u00fcrlich in Wave: <\/p>\n<blockquote><p>Wave ID: &#8222;wavesandbox.com!w+dZeq6shh%A&#8220;<\/p><\/blockquote>\n<p> oder \u00fcber die Suche nach &#8222;Hackathon Planung&#8220;.<\/p>\n<p>Ort und Zeit:<\/p>\n<blockquote><p>Samstag 1.August 10 bis 18 Uhr<br \/>\nSonntag 2.August 10 bis 19 Uhr<br \/>\n<a href=\"http:\/\/richtwert.eu\/\">richtwert Office <\/a><br \/>\nD\u00fcsseldorf<br \/>\nWei\u00dfenburgstra\u00dfe 52<\/p><\/blockquote>\n<p>G\u00e4ste die vorbeischauen m\u00f6chten um einen Blick auf etwas zu werfen, das es noch nicht gibt, sind jederzeit herzlich willkommen! BYOB!<\/p>\n","protected":false},"excerpt":{"rendered":"<p>Durch kurzfristige Organisationsgeniestreiche von Alex Benker (noch Cassini) in Zusammenarbeit mit Google Deutschland in Mountain View ist es uns nun m\u00f6glich morgen und Sonntag einen Google Wave Hackathon in D\u00fcsseldorf zu desorganisieren. Hier also die noch kurzfristigere Ank\u00fcndigung! Das alles kam so schnell, das Stefan Nitzsche vor Schreck krank geworden ist und wahrscheinlich nicht teilnehmen &#8230; <a title=\"Google Wave Hackathon in D\u00fcsseldorf!\" class=\"read-more\" href=\"https:\/\/www.siggibecker.de\/blog\/archives\/2009\/07\/google-wave-hackathon-in-duesseldorf\/\" aria-label=\"Mehr zu Google Wave Hackathon in D\u00fcsseldorf!\">Weiterlesen &#8230;<\/a><\/p>\n","protected":false},"author":1,"featured_media":0,"comment_status":"closed","ping_status":"open","sticky":false,"template":"","format":"standard","meta":{"generate_page_header":"","footnotes":""},"categories":[13,18],"tags":[],"class_list":["post-509","post","type-post","status-publish","format-standard","hentry","category-events","category-internet"],"_links":{"self":[{"href":"https:\/\/www.siggibecker.de\/blog\/wp-json\/wp\/v2\/posts\/509","targetHints":{"allow":["GET"]}}],"collection":[{"href":"https:\/\/www.siggibecker.de\/blog\/wp-json\/wp\/v2\/posts"}],"about":[{"href":"https:\/\/www.siggibecker.de\/blog\/wp-json\/wp\/v2\/types\/post"}],"author":[{"embeddable":true,"href":"https:\/\/www.siggibecker.de\/blog\/wp-json\/wp\/v2\/users\/1"}],"replies":[{"embeddable":true,"href":"https:\/\/www.siggibecker.de\/blog\/wp-json\/wp\/v2\/comments?post=509"}],"version-history":[{"count":0,"href":"https:\/\/www.siggibecker.de\/blog\/wp-json\/wp\/v2\/posts\/509\/revisions"}],"wp:attachment":[{"href":"https:\/\/www.siggibecker.de\/blog\/wp-json\/wp\/v2\/media?parent=509"}],"wp:term":[{"taxonomy":"category","embeddable":true,"href":"https:\/\/www.siggibecker.de\/blog\/wp-json\/wp\/v2\/categories?post=509"},{"taxonomy":"post_tag","embeddable":true,"href":"https:\/\/www.siggibecker.de\/blog\/wp-json\/wp\/v2\/tags?post=509"}],"curies":[{"name":"wp","href":"https:\/\/api.w.org\/{rel}","templated":true}]}}