{"id":491,"date":"2007-12-04T14:21:48","date_gmt":"2007-12-04T13:21:48","guid":{"rendered":"http:\/\/www.siggibecker.de\/blog\/archives\/2007\/12\/kurzes-statement-zur-globalen-lage\/"},"modified":"2017-01-19T23:07:14","modified_gmt":"2017-01-19T22:07:14","slug":"kurzes-statement-zur-globalen-lage","status":"publish","type":"post","link":"https:\/\/www.siggibecker.de\/blog\/archives\/2007\/12\/kurzes-statement-zur-globalen-lage\/","title":{"rendered":"Kurzes Statement zur globalen Lage"},"content":{"rendered":"<p>Wer 200X in Fragen der Zukunft unterwegs ist und das Konzept der technologischen Singularit\u00e4t aus Unkenntnis oder Strategie ignoriert, ist, ob bewusst oder unbewusst, lediglich <i>werblich<\/i> f\u00fcr kurzfristige Gruppeninteressen unterwegs.<\/p>\n<p>Umkehrschluss: Wer werblich oder f\u00fcr kurzfristige Gruppeninteressen unterwegs ist, muss diesem Konzept durch welche Begr\u00fcndung auch immer eine rationalisierende (keine rationale) Absage erteilen.<\/p>\n<p>Wer dieses Konzept und seine aktive wie passive Wahrscheinlichkeit versteht und ablehnt, muss erkl\u00e4ren warum er eine Welt mit:<br \/>\n*Peak Oil<br \/>\n*globaler Verm\u00f6genskonzentration durch Technologie<br \/>\n*Klimakatastrophe<br \/>\n*Altern f\u00fcr jeden<br \/>\n*Transhumanen Reichenghettos<\/p>\n<p>f\u00fcr unab\u00e4nderlich oder sogar erstrebenswert h\u00e4lt.<\/p>\n<p>Die anderen treten bewusst und aktiv in eine Phase des \u00dcbergangs der Menschheit ein.<\/p>\n","protected":false},"excerpt":{"rendered":"<p>Wer 200X in Fragen der Zukunft unterwegs ist und das Konzept der technologischen Singularit\u00e4t aus Unkenntnis oder Strategie ignoriert, ist, ob bewusst oder unbewusst, lediglich werblich f\u00fcr kurzfristige Gruppeninteressen unterwegs. Umkehrschluss: Wer werblich oder f\u00fcr kurzfristige Gruppeninteressen unterwegs ist, muss diesem Konzept durch welche Begr\u00fcndung auch immer eine rationalisierende (keine rationale) Absage erteilen. Wer dieses &#8230; <a title=\"Kurzes Statement zur globalen Lage\" class=\"read-more\" href=\"https:\/\/www.siggibecker.de\/blog\/archives\/2007\/12\/kurzes-statement-zur-globalen-lage\/\" aria-label=\"Mehr zu Kurzes Statement zur globalen Lage\">Weiterlesen &#8230;<\/a><\/p>\n","protected":false},"author":1,"featured_media":0,"comment_status":"closed","ping_status":"open","sticky":false,"template":"","format":"standard","meta":{"generate_page_header":"","footnotes":""},"categories":[6,30,35],"tags":[],"class_list":["post-491","post","type-post","status-publish","format-standard","hentry","category-beschleunigung-der-beschleunigung","category-pre-singularity","category-singularity"],"_links":{"self":[{"href":"https:\/\/www.siggibecker.de\/blog\/wp-json\/wp\/v2\/posts\/491","targetHints":{"allow":["GET"]}}],"collection":[{"href":"https:\/\/www.siggibecker.de\/blog\/wp-json\/wp\/v2\/posts"}],"about":[{"href":"https:\/\/www.siggibecker.de\/blog\/wp-json\/wp\/v2\/types\/post"}],"author":[{"embeddable":true,"href":"https:\/\/www.siggibecker.de\/blog\/wp-json\/wp\/v2\/users\/1"}],"replies":[{"embeddable":true,"href":"https:\/\/www.siggibecker.de\/blog\/wp-json\/wp\/v2\/comments?post=491"}],"version-history":[{"count":0,"href":"https:\/\/www.siggibecker.de\/blog\/wp-json\/wp\/v2\/posts\/491\/revisions"}],"wp:attachment":[{"href":"https:\/\/www.siggibecker.de\/blog\/wp-json\/wp\/v2\/media?parent=491"}],"wp:term":[{"taxonomy":"category","embeddable":true,"href":"https:\/\/www.siggibecker.de\/blog\/wp-json\/wp\/v2\/categories?post=491"},{"taxonomy":"post_tag","embeddable":true,"href":"https:\/\/www.siggibecker.de\/blog\/wp-json\/wp\/v2\/tags?post=491"}],"curies":[{"name":"wp","href":"https:\/\/api.w.org\/{rel}","templated":true}]}}