{"id":401,"date":"2007-02-16T11:47:40","date_gmt":"2007-02-16T10:47:40","guid":{"rendered":"http:\/\/www.siggibecker.de\/blog\/archives\/2007\/02\/virgin-earth-challenge-technologie-als-klimaretter\/"},"modified":"2017-01-19T18:59:33","modified_gmt":"2017-01-19T17:59:33","slug":"virgin-earth-challenge-technologie-als-klimaretter","status":"publish","type":"post","link":"https:\/\/www.siggibecker.de\/blog\/archives\/2007\/02\/virgin-earth-challenge-technologie-als-klimaretter\/","title":{"rendered":"Virgin Earth Challenge: Technologie als Klimaretter"},"content":{"rendered":"<p>Wenn sich alle morgen an den H\u00e4nden fassen und pl\u00f6tzlich unheimlich dolle umweltbewusst werden &#8211; auch die Essers und Breuers der Welt &#8211; dann k\u00f6nnte innerhalb von 10 Jahren sehr viel weniger CO2 in der Atmosph\u00e4re landen. Die Mengen, die wir allerdings bis heute auf ihre Reise in die Atmosph\u00e4re geschickt haben, hindert das nicht, sich in die vertrackten Feedbackschleifen des Klimas einzureihen und f\u00fcr Unbill in den n\u00e4chsten Jahrzehnten zu sorgen.<\/p>\n<p>Wenn alle Trendmodelle stimmen, kann uns das also nicht davor bewahren global soziologisch, \u00f6kologisch und okonomisch in den n\u00e4chsten Jahrzehnten Achterbahn zu fahren.<\/p>\n<p>Das Zeug muss also raus. Ein anderer Ausdruck f\u00fcr: Re-Terraforming. Das haben auch Al Gore und Richard Branson begriffen und haben am 9. Februar den <a href=\"http:\/\/www.virginearth.com\/\">Virgin Earth Challenge<\/a> ausgelobt. Schlappe 25 Mio $ f\u00fcr: <\/p>\n<blockquote><p>Eine wirtschaftlich funktionsf\u00e4hige Technologie, die nachweislich jedes Jahr \u00fcber die Dauer von 10 Jahren eine Netto-Reduktion von anthropogenen, atmosph\u00e4rischen Gasen erbringt, und so zur Stabilit\u00e4t des Weltklimas beitr\u00e4gt.<\/p><\/blockquote>\n<p>Ich vermute das wird unter anderem dazu f\u00fchren, dass Nanotechnologie auf die Liste der m\u00f6glichen Klimaretter kommt. Al Gore sass \u00fcbrigens schon 1991 in einem Hearing \u00fcber molekulare Nanotechnolie, mit Eric Drexler als einem der Referenten.<\/p>\n<p>Auf eine vertrackte Art steht uns in Krisen immer nur die T\u00fcr offen, die zu weiterer Komplexit\u00e4t f\u00fchrt. Als ob zunehmende Unwahrscheinlichkeit f\u00fcr die unsichtbare Hand der Evolution das Werkzeug zur eigenen Selbsterkenntnis w\u00e4re&#8230;<br \/>\n<br \/>\nvia <a href=\"http:\/\/www.openthefuture.com\">Jamais Cascio<\/a><br \/>\n[tags]Virgin Earth Challenge, Branson, Al Gore, Nanotechnologie, Klima[\/tags]<\/p>\n","protected":false},"excerpt":{"rendered":"<p>Wenn sich alle morgen an den H\u00e4nden fassen und pl\u00f6tzlich unheimlich dolle umweltbewusst werden &#8211; auch die Essers und Breuers der Welt &#8211; dann k\u00f6nnte innerhalb von 10 Jahren sehr viel weniger CO2 in der Atmosph\u00e4re landen. Die Mengen, die wir allerdings bis heute auf ihre Reise in die Atmosph\u00e4re geschickt haben, hindert das nicht, &#8230; <a title=\"Virgin Earth Challenge: Technologie als Klimaretter\" class=\"read-more\" href=\"https:\/\/www.siggibecker.de\/blog\/archives\/2007\/02\/virgin-earth-challenge-technologie-als-klimaretter\/\" aria-label=\"Mehr zu Virgin Earth Challenge: Technologie als Klimaretter\">Weiterlesen &#8230;<\/a><\/p>\n","protected":false},"author":1,"featured_media":0,"comment_status":"open","ping_status":"open","sticky":false,"template":"","format":"standard","meta":{"generate_page_header":"","footnotes":""},"categories":[13,26,44],"tags":[],"class_list":["post-401","post","type-post","status-publish","format-standard","hentry","category-events","category-nanotechnologie","category-weltzustand"],"_links":{"self":[{"href":"https:\/\/www.siggibecker.de\/blog\/wp-json\/wp\/v2\/posts\/401","targetHints":{"allow":["GET"]}}],"collection":[{"href":"https:\/\/www.siggibecker.de\/blog\/wp-json\/wp\/v2\/posts"}],"about":[{"href":"https:\/\/www.siggibecker.de\/blog\/wp-json\/wp\/v2\/types\/post"}],"author":[{"embeddable":true,"href":"https:\/\/www.siggibecker.de\/blog\/wp-json\/wp\/v2\/users\/1"}],"replies":[{"embeddable":true,"href":"https:\/\/www.siggibecker.de\/blog\/wp-json\/wp\/v2\/comments?post=401"}],"version-history":[{"count":0,"href":"https:\/\/www.siggibecker.de\/blog\/wp-json\/wp\/v2\/posts\/401\/revisions"}],"wp:attachment":[{"href":"https:\/\/www.siggibecker.de\/blog\/wp-json\/wp\/v2\/media?parent=401"}],"wp:term":[{"taxonomy":"category","embeddable":true,"href":"https:\/\/www.siggibecker.de\/blog\/wp-json\/wp\/v2\/categories?post=401"},{"taxonomy":"post_tag","embeddable":true,"href":"https:\/\/www.siggibecker.de\/blog\/wp-json\/wp\/v2\/tags?post=401"}],"curies":[{"name":"wp","href":"https:\/\/api.w.org\/{rel}","templated":true}]}}