{"id":395,"date":"2007-02-09T09:44:43","date_gmt":"2007-02-09T08:44:43","guid":{"rendered":"http:\/\/www.siggibecker.de\/blog\/archives\/2007\/02\/definition-von-zentrums-des-universums\/"},"modified":"2017-01-19T19:02:45","modified_gmt":"2017-01-19T18:02:45","slug":"definition-von-zentrums-des-universums","status":"publish","type":"post","link":"https:\/\/www.siggibecker.de\/blog\/archives\/2007\/02\/definition-von-zentrums-des-universums\/","title":{"rendered":"Definition von: Zentrum des Universums"},"content":{"rendered":"<p>Kevin Kellys Definition f\u00fcr das Zentrum des Universums in einem <a href=\"http:\/\/video.google.com\/videoplay?docid=-6119231548215342323&#038;hl=en\">Google Tech Talk Vortrag \u00fcber die n\u00e4chsten 50 Jahre der Wissenschaft<\/a>:<\/p>\n<blockquote><p><strong><\/strong><strong>Das Zentrum des Universums ist dort, wo neuen Ideen der geringste Wiederstand entegegengebracht wird!<\/strong><\/p><\/blockquote>\n<p>In diesem Sinne bewegen wir uns t\u00e4glich durch Milieus unterschiedlicher N\u00e4he zu diesem Zentrum. Wir k\u00f6nnen versuchen die Entfernung zu verringern indem wir unser Denken mit Operatoren und Bildern aufladen die mit diesem (imagin\u00e4ren) Zentrum resonnieren. Wieviele Ideen in der <a href=\"https:\/\/www.siggibecker.de\/blog\/archives\/2007\/02\/begriffe-des-21-jahrhunderts\/\">Liste der Begriffe f\u00fcr das 21.Jahrhundert<\/a> sind in mein Denken integriert? Wie stark ist meine Skepsis, gar Sarkasmus? Welchen Schwerpunkt haben meine Links?<\/p>\n<p>Im Ideal fallen r\u00e4umliches und geistiges Zentrum zusammen. Der Alltag von Millionen Menschen ist vom Auseinanderklaffen dieser beiden Punkte gepr\u00e4gt. Spannung wird als Ladungsgef\u00e4lle zwischen zwei Punkten definiert. Provinz ist ein geistiges Ph\u00e4nomen das sich so gesehen aus der r\u00e4umlichen und geistigen Ferne zu den Zentren unseres Universums n\u00e4hrt.<\/p>\n","protected":false},"excerpt":{"rendered":"<p>Kevin Kellys Definition f\u00fcr das Zentrum des Universums in einem Google Tech Talk Vortrag \u00fcber die n\u00e4chsten 50 Jahre der Wissenschaft: Das Zentrum des Universums ist dort, wo neuen Ideen der geringste Wiederstand entegegengebracht wird! In diesem Sinne bewegen wir uns t\u00e4glich durch Milieus unterschiedlicher N\u00e4he zu diesem Zentrum. Wir k\u00f6nnen versuchen die Entfernung zu &#8230; <a title=\"Definition von: Zentrum des Universums\" class=\"read-more\" href=\"https:\/\/www.siggibecker.de\/blog\/archives\/2007\/02\/definition-von-zentrums-des-universums\/\" aria-label=\"Mehr zu Definition von: Zentrum des Universums\">Weiterlesen &#8230;<\/a><\/p>\n","protected":false},"author":1,"featured_media":0,"comment_status":"open","ping_status":"open","sticky":false,"template":"","format":"standard","meta":{"generate_page_header":"","footnotes":""},"categories":[2,6],"tags":[],"class_list":["post-395","post","type-post","status-publish","format-standard","hentry","category-was-wyrd","category-beschleunigung-der-beschleunigung"],"_links":{"self":[{"href":"https:\/\/www.siggibecker.de\/blog\/wp-json\/wp\/v2\/posts\/395","targetHints":{"allow":["GET"]}}],"collection":[{"href":"https:\/\/www.siggibecker.de\/blog\/wp-json\/wp\/v2\/posts"}],"about":[{"href":"https:\/\/www.siggibecker.de\/blog\/wp-json\/wp\/v2\/types\/post"}],"author":[{"embeddable":true,"href":"https:\/\/www.siggibecker.de\/blog\/wp-json\/wp\/v2\/users\/1"}],"replies":[{"embeddable":true,"href":"https:\/\/www.siggibecker.de\/blog\/wp-json\/wp\/v2\/comments?post=395"}],"version-history":[{"count":0,"href":"https:\/\/www.siggibecker.de\/blog\/wp-json\/wp\/v2\/posts\/395\/revisions"}],"wp:attachment":[{"href":"https:\/\/www.siggibecker.de\/blog\/wp-json\/wp\/v2\/media?parent=395"}],"wp:term":[{"taxonomy":"category","embeddable":true,"href":"https:\/\/www.siggibecker.de\/blog\/wp-json\/wp\/v2\/categories?post=395"},{"taxonomy":"post_tag","embeddable":true,"href":"https:\/\/www.siggibecker.de\/blog\/wp-json\/wp\/v2\/tags?post=395"}],"curies":[{"name":"wp","href":"https:\/\/api.w.org\/{rel}","templated":true}]}}